{"id":1138,"date":"2018-11-07T14:08:53","date_gmt":"2018-11-07T13:08:53","guid":{"rendered":"https:\/\/www.groupito.com\/blog\/?p=1138"},"modified":"2025-02-20T17:50:14","modified_gmt":"2025-02-20T16:50:14","slug":"prendre-le-car-quand-on-est-une-personne-a-mobilite-reduite","status":"publish","type":"post","link":"https:\/\/www.groupito.com\/blog\/la-minute-groupito\/prendre-le-car-quand-on-est-une-personne-a-mobilite-reduite\/","title":{"rendered":"Prendre le car quand on est une personne \u00e0 mobilit\u00e9 r\u00e9duite"},"content":{"rendered":"<p><em>Ce qui peut para\u00eetre anodin pour certains, peut \u00eatre plus difficile pour d&rsquo;autres. Cependant, nous sommes convaincus que prendre l&rsquo;autocar ne doit pas \u00eatre un obstacle. Le but \u00e9tant que chacun, avec ses diff\u00e9rences, puisse se d\u00e9placer en toute s\u00e9r\u00e9nit\u00e9. Le bus est aussi une mani\u00e8re d&rsquo;\u00eatre autonome, quoi qu&rsquo;il arrive. Mais alors, comment fonctionne <strong>le transport de personnes \u00e0 mobilit\u00e9 r\u00e9duite <\/strong>?\u00a0<\/em><\/p>\n<h2><strong>Les personnes concern\u00e9es\u00a0<\/strong><\/h2>\n<p>La mobilit\u00e9 r\u00e9duite ne concerne pas uniquement les personnes ayant un handicap physique les obligeant \u00e0 se d\u00e9placer en fauteuil roulant. La probl\u00e9matique de l&rsquo;accessibilit\u00e9 peut toucher un grand nombre de personnes auxquelles on ne pense pas toujours.<\/p>\n<p>Il existe plusieurs types de difficult\u00e9s, les permanentes qui touchent les handicap\u00e9s intellectuels ou sensoriels, les personnes de petite taille ainsi que les personnes \u00e2g\u00e9es\u2026 et les difficult\u00e9s temporaires qui concernent les femmes enceintes, les personnes avec enfants, les personnes transportant de\u00a0<span style=\"display: inline !important; float: none; background-color: transparent; color: #333333; cursor: text; font-family: Georgia,'Times New Roman','Bitstream Charter',Times,serif; font-size: 16px; font-style: normal; font-variant: normal; font-weight: 400; letter-spacing: normal; orphans: 2; text-align: left; text-decoration: none; text-indent: 0px; text-transform: none; -webkit-text-stroke-width: 0px; white-space: normal; word-spacing: 0px;\">lourds<\/span> bagages \u2026<\/p>\n<p>L&rsquo;ensemble des personnes \u00e0 mobilit\u00e9 r\u00e9duite repr\u00e9sente environ 1\/3 de la population. De plus, le nombre de personnes \u00e2g\u00e9es risque d&rsquo;augmenter fortement dans les d\u00e9cennies \u00e0 venir.<\/p>\n<h2>Les r\u00e9glementations<\/h2>\n<p>En 2006, un d\u00e9cret relatif aux transports publics a \u00e9t\u00e9 mis en application pour la loi n\u00b02005-102, concernant l&rsquo;\u00e9galit\u00e9 des droits et des chances des personnes handicap\u00e9es.<\/p>\n<p>En 2007, un arr\u00eat\u00e9 est venu le pr\u00e9ciser en d\u00e9cr\u00e9tant que l&rsquo;ensemble du parc devra \u00eatre accessible, soit par mise en conformit\u00e9 des v\u00e9hicules existants, soit par l&rsquo;acquisition de nouveaux v\u00e9hicules mis \u00e0 jour.<\/p>\n<p>Selon le r\u00e8glement adopt\u00e9 le 23 avril 2009 par le Parlement europ\u00e9en, une personne \u00e0 mobilit\u00e9 r\u00e9duite ne peut se voir refuser l&#8217;embarquement \u00e0 bord d&rsquo;un bus ou autocar, sauf dans le cas o\u00f9 sa s\u00e9curit\u00e9 serait en p\u00e9ril. <span style=\"font-family: 'Fira Sans',sans-serif;\"><span style=\"color: #b00000;\"><span style=\"display: inline !important; float: none; background-color: transparent; color: #000000; font-family: 'Fira Sans',sans-serif; font-size: 16px; font-style: normal; font-variant: normal; font-weight: 400; letter-spacing: normal; line-height: 26px; list-style-type: none; orphans: 2; text-align: left; text-decoration: none; text-indent: 0px; text-transform: none; -webkit-text-stroke-width: 0px; white-space: normal; word-spacing: 0px;\">\u00a0<\/span><\/span><\/span><\/p>\n<p>L&rsquo;obligation d&rsquo;accessibilit\u00e9 est un d\u00e9fi quotidien pour les collectivit\u00e9s qui doivent faire face \u00e0 de nombreux am\u00e9nagements.<\/p>\n<h2>Les a<strong>m\u00e9nagements\u00a0<\/strong><\/h2>\n<p>Les r\u00e9seaux d&rsquo;autobus renouvellent progressivement leur parc en rendant les v\u00e9hicules accessibles aux transports des personnes \u00e0 mobilit\u00e9 r\u00e9duite. Les bus sont notamment dot\u00e9s de planchers bas pour permettre de monter \u00e0 bord. Les colonnes centrales, emp\u00eachant au fauteuil de circuler, ont disparu.<\/p>\n<p>Bien \u00e9videmment le prix des autocars s&rsquo;est trouv\u00e9 fortement major\u00e9 au titre des am\u00e9nagements exig\u00e9s pour la mise en accessibilit\u00e9 :<\/p>\n<ul>\n<li>Portes m\u00e9dianes double avec plateforme amovible \u00e9quip\u00e9e des \u00e9quipements de s\u00e9curit\u00e9 selon les normes en vigueur<\/li>\n<li>\u00c9l\u00e9vateurs pour fauteuil roulant dans l&rsquo;all\u00e9e centrale<\/li>\n<li>Mise en conformit\u00e9 visuelle et sonore pour les malvoyants et les malentendants.<\/li>\n<\/ul>\n<p>Ces am\u00e9nagements PMR ont entra\u00een\u00e9 une diminution de la capacit\u00e9 des autocars d&rsquo;en moyenne 8 places. De sorte \u00e0 ce que la capacit\u00e9 globale de place reste maintenue, le parc d&rsquo;autocar a augment\u00e9 de pr\u00e8s de 15%.<\/p>\n<h2><strong>L&rsquo;offre transport\u00a0<\/strong><\/h2>\n<p>Bien s\u00fbr, l&rsquo;autocar, contrairement au bus de ville, reste encore accessible \u00e0 certains types d&rsquo;handicaps lourds qui n\u00e9cessitent, en plus de la possibilit\u00e9 d&rsquo;acc\u00e8s, \u00e0 une assistance du conducteur \u00e0 la mont\u00e9e et descente du v\u00e9hicule. Pour assurer le droit aux transports, certains v\u00e9hicules encore plus adapt\u00e9s sont mis \u00e0 la disposition des personnes \u00e0 mobilit\u00e9 r\u00e9duite. Les minibus ou minicars par exemple.<\/p>\n<p>En somme, la question d&rsquo;accessibilit\u00e9 aux transports des personnes \u00e0 mobilit\u00e9 r\u00e9duite reste un combat au quotidien. Le but \u00e9tant que les autocars puissent accueillir un maximum de personnes pour un voyage confortable en toute s\u00e9curit\u00e9.<\/p>\n<p><strong>En compl\u00e9ment :<\/strong><br \/>\nPour en savoir plus sur l&rsquo;accessibilit\u00e9 dans les transports, d\u00e9couvrez notre article sur <a href=\"https:\/\/www.groupito.com\/blog\/la-minute-groupito\/laccueil-des-pmr-dans-les-transports-en-commun\/\">l&rsquo;accueil des personnes \u00e0 mobilit\u00e9 r\u00e9duite<\/a>. Si vous voulez conna\u00eetre la diff\u00e9rence entre les types de bus disponibles, lisez notre guide sur <a href=\"https:\/\/www.groupito.com\/blog\/la-minute-groupito\/quelle-est-la-difference-entre-un-bus-et-minibus\/\">les diff\u00e9rences entre bus et minibus<\/a>. Pour plus de s\u00e9curit\u00e9 lors de vos voyages, consultez \u00e9galement notre article sur <a href=\"https:\/\/www.groupito.com\/blog\/la-minute-groupito\/les-ceintures-de-securite-sont-elles-obligatoires-dans-un-autocar\/\">les ceintures de s\u00e9curit\u00e9 dans les autocars<\/a>.<\/p>\n<p>&nbsp;<\/p>\n<h2 class=\"cprp_section_title\">Vous aimerez ces autres articles :)<\/h2><div class=\"cprp_items list \"><ul><li><div class=\"cprp_data\"><div class=\"cprp_title\"><a href=\"https:\/\/www.groupito.com\/blog\/la-minute-groupito\/laccueil-des-pmr-dans-les-transports-en-commun\/\" title=\"L\u2019accueil des PMR dans les transports en commun\">L\u2019accueil des PMR dans les transports en commun<\/a><\/div><\/div><\/li><li><div class=\"cprp_data\"><div class=\"cprp_title\"><a href=\"https:\/\/www.groupito.com\/blog\/la-minute-groupito\/pourquoi-choisir-le-metier-de-conducteur-de-bus\/\" title=\"Pourquoi choisir le m\u00e9tier de conducteur de bus ?\">Pourquoi choisir le m\u00e9tier de conducteur de bus ?<\/a><\/div><\/div><\/li><li><div class=\"cprp_data\"><div class=\"cprp_title\"><a href=\"https:\/\/www.groupito.com\/blog\/la-minute-groupito\/existe-t-il-des-autocars-a-doubles-etages\/\" title=\"Existe-t-il des autocars \u00e0 doubles \u00e9tages ?\">Existe-t-il des autocars \u00e0 doubles \u00e9tages ?<\/a><\/div><\/div><\/li><li><div class=\"cprp_data\"><div class=\"cprp_title\"><a href=\"https:\/\/www.groupito.com\/blog\/la-minute-groupito\/combien-de-passagers-maximum-dans-un-bus\/\" title=\"Combien de personnes un bus peut-il vraiment contenir ?\">Combien de personnes un bus peut-il vraiment contenir ?<\/a><\/div><\/div><\/li><li><div class=\"cprp_data\"><div class=\"cprp_title\"><a href=\"https:\/\/www.groupito.com\/blog\/la-minute-groupito\/quelles-sont-les-principales-caracteristiques-dun-autocar\/\" title=\"Les principales caract\u00e9ristiques techniques d\u2019un autocar\">Les principales caract\u00e9ristiques techniques d\u2019un autocar<\/a><\/div><\/div><\/li><li><div class=\"cprp_data\"><div class=\"cprp_title\"><a href=\"https:\/\/www.groupito.com\/blog\/la-minute-groupito\/les-differents-types-de-bus\/\" title=\"Les diff\u00e9rents types de bus\">Les diff\u00e9rents types de bus<\/a><\/div><\/div><\/li><li><div class=\"cprp_data\"><div class=\"cprp_title\"><a href=\"https:\/\/www.groupito.com\/blog\/la-minute-groupito\/bus-ou-car-quelle-difference\/\" title=\"Quelle diff\u00e9rence entre un bus et un car ?\">Quelle diff\u00e9rence entre un bus et un car ?<\/a><\/div><\/div><\/li><li><div class=\"cprp_data\"><div class=\"cprp_title\"><a href=\"https:\/\/www.groupito.com\/blog\/la-minute-groupito\/peut-on-dormir-dans-un-car-couchettes-pendant-quil-roule\/\" title=\"Peut-on dormir dans un car couchettes pendant qu&#039;il roule ?\">Peut-on dormir dans un car couchettes pendant qu'il roule ?<\/a><\/div><\/div><\/li><li><div class=\"cprp_data\"><div class=\"cprp_title\"><a href=\"https:\/\/www.groupito.com\/blog\/la-minute-groupito\/qui-sont-les-principaux-fabricants-dautocars\/\" title=\"Qui sont les principaux fabricants d\u2019autocars ?\">Qui sont les principaux fabricants d\u2019autocars ?<\/a><\/div><\/div><\/li><li><div class=\"cprp_data\"><div class=\"cprp_title\"><a href=\"https:\/\/www.groupito.com\/blog\/la-minute-groupito\/que-deviennent-les-autocars-en-fin-de-vie\/\" title=\"Que deviennent les autocars en fin de vie ?\">Que deviennent les autocars en fin de vie ?<\/a><\/div><\/div><\/li><\/ul><\/div><div style=\"clear:both;\"><\/div>","protected":false},"excerpt":{"rendered":"<p>Ce qui peut para\u00eetre anodin pour certains, peut \u00eatre plus difficile pour d&rsquo;autres. Cependant, nous sommes convaincus que prendre l&rsquo;autocar ne doit pas \u00eatre un obstacle. Le but \u00e9tant que chacun, avec ses diff\u00e9rences, puisse se d\u00e9placer en toute s\u00e9r\u00e9nit\u00e9. Le bus est aussi une mani\u00e8re d&rsquo;\u00eatre autonome, quoi qu&rsquo;il arrive. Mais alors, comment fonctionne le transport de personnes \u00e0 mobilit\u00e9 r\u00e9duite ?\u00a0 Les personnes concern\u00e9es\u00a0 La mobilit\u00e9 r\u00e9duite ne concerne pas uniquement les personnes ayant un handicap physique les&#8230;<\/p>\n","protected":false},"author":1,"featured_media":1238,"comment_status":"closed","ping_status":"open","sticky":false,"template":"","format":"standard","meta":{"om_disable_all_campaigns":false},"categories":[75,64],"tags":[63,39],"aioseo_notices":[],"_links":{"self":[{"href":"https:\/\/www.groupito.com\/blog\/wp-json\/wp\/v2\/posts\/1138"}],"collection":[{"href":"https:\/\/www.groupito.com\/blog\/wp-json\/wp\/v2\/posts"}],"about":[{"href":"https:\/\/www.groupito.com\/blog\/wp-json\/wp\/v2\/types\/post"}],"author":[{"embeddable":true,"href":"https:\/\/www.groupito.com\/blog\/wp-json\/wp\/v2\/users\/1"}],"replies":[{"embeddable":true,"href":"https:\/\/www.groupito.com\/blog\/wp-json\/wp\/v2\/comments?post=1138"}],"version-history":[{"count":19,"href":"https:\/\/www.groupito.com\/blog\/wp-json\/wp\/v2\/posts\/1138\/revisions"}],"predecessor-version":[{"id":6067,"href":"https:\/\/www.groupito.com\/blog\/wp-json\/wp\/v2\/posts\/1138\/revisions\/6067"}],"wp:featuredmedia":[{"embeddable":true,"href":"https:\/\/www.groupito.com\/blog\/wp-json\/wp\/v2\/media\/1238"}],"wp:attachment":[{"href":"https:\/\/www.groupito.com\/blog\/wp-json\/wp\/v2\/media?parent=1138"}],"wp:term":[{"taxonomy":"category","embeddable":true,"href":"https:\/\/www.groupito.com\/blog\/wp-json\/wp\/v2\/categories?post=1138"},{"taxonomy":"post_tag","embeddable":true,"href":"https:\/\/www.groupito.com\/blog\/wp-json\/wp\/v2\/tags?post=1138"}],"curies":[{"name":"wp","href":"https:\/\/api.w.org\/{rel}","templated":true}]}}