{"id":1323,"date":"2018-11-27T12:41:24","date_gmt":"2018-11-27T11:41:24","guid":{"rendered":"https:\/\/www.groupito.com\/blog\/?p=1323"},"modified":"2019-01-02T10:16:52","modified_gmt":"2019-01-02T09:16:52","slug":"sur-la-route-des-vins-bio","status":"publish","type":"post","link":"https:\/\/www.groupito.com\/blog\/trip\/sur-la-route-des-vins-bio\/","title":{"rendered":"Sur la route des vins naturels !"},"content":{"rendered":"<p>Pour cet article, nous avons demand\u00e9 \u00e0 Willy Kiezer, r\u00e9dacteur du blog <strong><a href=\"https:\/\/nibuniconnu.fr\/\">nibuniconnu.fr<\/a><\/strong>, de nous pr\u00e9senter les domaines fran\u00e7ais \u00e0 visiter. Nous sommes ravis qu&rsquo;il ait accept\u00e9, afin de vous proposer une nouvelle id\u00e9e de voyage. Bonne d\u00e9gustation !<\/p>\n<p>&nbsp;<\/p>\n<p><em>La fin de l\u2019ann\u00e9e 2018 marque un tournant dans l\u2019univers de l\u2019\u00e9cologie et du d\u00e9veloppement durable. Malgr\u00e9 un r\u00e9chauffement climatique qui s\u2019acc\u00e9l\u00e8re, 2018 c\u2019est : le diesel qui devient plus cher que l\u2019essence, des centres villes qui deviennent des zones 100% pi\u00e9tonnes et l\u2019organisation de plusieurs marches pour le climat. M\u00eame dans le petit monde du vin, on n\u2019y \u00e9chappe pas. Le consommateur semble \u00eatre concern\u00e9 par le sujet et se dirige davantage vers le vin bio, biodynamique et nature, des bouteilles produites sans pesticides. Pour rappel, ces produits polluent nos nappes phr\u00e9atiques et d\u00e9truisent toutes les biodiversit\u00e9s de nos vignobles, le cas des abeilles est le plus marquant. Cette impulsion vers une production saine et sans produits issus de la chimie est souvent d\u2019abord initi\u00e9e par les plus petits.<span style=\"color: #b00000; font-family: 'Arial',sans-serif;\">\u00a0<span style=\"color: #000000;\">Voici un tour de France des petits domaines \u00e0 ne pas rater, loin des grandes et prestigieuses exploitations.<\/span><\/span><\/em><\/p>\n<p>&nbsp;<\/p>\n<h2><strong>Domaine le Clocher \u2013 Brendan Tracey \u2013 Loire et Cher (41)<\/strong><\/h2>\n<p>C\u00e9page et appellation m\u00e9connus du grand public, le domaine de Brendan Tracey est situ\u00e9 dans la plus au nord des AOC du Val de Loire, dans l\u2019appellation Vend\u00f4me. Vigneron \u00ab\u00a0nature\u00a0\u00bb et Franco-am\u00e9ricain, Brendan propose des vins propres, sains et sans artifices. Je vous invite \u00e0 tester son Pineau d\u2019Aunis et son gamay, vous ne serez pas d\u00e9\u00e7u. Son domaine est situ\u00e9 non loin de <strong>Vend\u00f4me<\/strong>, une magnifique ville au nord de Blois. Entour\u00e9e par le Loir, rivi\u00e8re locale et affluent de la royale Loire, la ville est m\u00eame surnomm\u00e9e la \u00ab\u00a0Venise du Val de la Loire\u00a0\u00bb.<\/p>\n<p>&nbsp;<\/p>\n<p>&nbsp;<\/p>\n<h2><strong>Clos de la Bonnette \u2013 Antoine Montabonnet \u2013 Rh\u00f4ne (61)<\/strong><\/h2>\n<p>Situ\u00e9e en plein c\u0153ur d\u2019une des plus c\u00e9l\u00e8bres appellations de France, l\u2019exploitation d\u2019Antoine est l\u2019un des plus petites et traditionnelles de <strong>Condrieu<\/strong>. Produisant des Condrieu et autres <strong>C\u00f4tes-R\u00f4ties<\/strong>, Le Clos de la Bonnette, c\u2019est moins de 6 hectares de vignes et une production biologique, rare dans ces prestigieuses appellations. En descendant vers le soleil du sud et en faisant une pause au clos, la route ne sera que plus agr\u00e9able, pensez-y\u00a0!<\/p>\n<p><img decoding=\"async\" loading=\"lazy\" class=\"alignnone size-medium wp-image-1569\" src=\"https:\/\/www.groupito.com\/blog\/wp-content\/uploads\/2018\/11\/Clos-de-la-Bonnette-300x123.png\" alt=\"Clos-de-la-Bonnette\" width=\"300\" height=\"123\" srcset=\"https:\/\/www.groupito.com\/blog\/wp-content\/uploads\/2018\/11\/Clos-de-la-Bonnette-300x123.png 300w, https:\/\/www.groupito.com\/blog\/wp-content\/uploads\/2018\/11\/Clos-de-la-Bonnette-690x286.png 690w, https:\/\/www.groupito.com\/blog\/wp-content\/uploads\/2018\/11\/Clos-de-la-Bonnette-636x260.png 636w, https:\/\/www.groupito.com\/blog\/wp-content\/uploads\/2018\/11\/Clos-de-la-Bonnette.png 700w\" sizes=\"(max-width: 300px) 100vw, 300px\" \/><\/p>\n<p>Cr\u00e9dit : <a href=\"http:\/\/www.clos-de-la-bonnette.fr\/\">clos-de-la-bonnette.fr<\/a><\/p>\n<h2><\/h2>\n<h2><strong>Domaine Vincent Achard \u2013 Thomas Achard \u2013 Dr\u00f4me (26)<\/strong><\/h2>\n<p>Je ne sais pas si notre bus pourrait s\u2019arr\u00eater dans ce petit coin de paradis perdu dans pays diois, le pays de la <strong>Clairette de Die<\/strong>. Le domaine de Thomas Achard, qui reprend l\u2019affaire du papa, est nich\u00e9 sur une colline surplombant la rivi\u00e8re Dr\u00f4me, une des plus sauvages de France. Les jolies Clairette de Die sont certifi\u00e9es biodynamiques par <strong>DEMETER<\/strong>, un label certifiant que les vins sont \u00ab\u00a0propres\u00a0\u00bb et donc \u00ab\u00a0naturels\u00a0\u00bb. Essayez donc une de ses bouteilles en dessert, vous risquez de surprendre tout le monde.<\/p>\n<figure id=\"attachment_1568\" aria-describedby=\"caption-attachment-1568\" style=\"width: 300px\" class=\"wp-caption alignnone\"><img decoding=\"async\" loading=\"lazy\" class=\"size-medium wp-image-1568\" src=\"https:\/\/www.groupito.com\/blog\/wp-content\/uploads\/2018\/11\/Domaine-Vincent-Achard-300x123.png\" alt=\"Domaine-Vincent-Achard\" width=\"300\" height=\"123\" srcset=\"https:\/\/www.groupito.com\/blog\/wp-content\/uploads\/2018\/11\/Domaine-Vincent-Achard-300x123.png 300w, https:\/\/www.groupito.com\/blog\/wp-content\/uploads\/2018\/11\/Domaine-Vincent-Achard-690x286.png 690w, https:\/\/www.groupito.com\/blog\/wp-content\/uploads\/2018\/11\/Domaine-Vincent-Achard-636x260.png 636w, https:\/\/www.groupito.com\/blog\/wp-content\/uploads\/2018\/11\/Domaine-Vincent-Achard.png 700w\" sizes=\"(max-width: 300px) 100vw, 300px\" \/><figcaption id=\"caption-attachment-1568\" class=\"wp-caption-text\">Cr\u00e9dit : https:\/\/www.domaine-achard-vincent.com\/<\/figcaption><\/figure>\n<p>&nbsp;<\/p>\n<h2><strong>Le domaine du Traginer \u2013 Jean-Fran\u00e7ois Deu \u2013 Pyr\u00e9n\u00e9es Orientales (66)<\/strong><\/h2>\n<p>Tr\u00e8s certainement le plus beau vignoble de France, le terroir de <strong>Collioure et de Banyuls<\/strong> surplombent la grande bleue sur des coteaux en terrasse escarp\u00e9s. Tr\u00e8s difficile de rendre l\u2019exploitation m\u00e9canisable, c\u2019est pourquoi Jean-Fran\u00e7ois s\u2019est tourn\u00e9 vers la biodynamie. Laboure \u00e0 cheval et vendanges \u00e0 la main pour ce domaine certifi\u00e9 <strong>DEMETER<\/strong>. Un petit verre de Banyuls accompagn\u00e9 d\u2019un melon \u00e0 l\u2019entr\u00e9e et bien-s\u00fbr avec vue sur la M\u00e9diterran\u00e9e, elle n\u2019est pas belle la vie\u00a0?<\/p>\n<p>&nbsp;<\/p>\n<h2><strong>Ch\u00e2teau Ferran \u2013 Julien Ferran \u2013 Gironde (33)<\/strong><\/h2>\n<p>Certainement le vignoble le plus c\u00e9l\u00e8bre du monde mais aussi celui qui compte le moins de domaine certifi\u00e9s \u00ab\u00a0bio \u2013 biodynamique\u00a0\u00bb. Beaucoup vous diront que le climat rend impossible la non utilisation de pesticides de synth\u00e8se mais pas pour le Ch\u00e2teau Ferran. Dernier domaine (de 16 hectares) de notre s\u00e9lection et encore un certifi\u00e9 biodynamique par <strong>DEMETER<\/strong>. Vin rouge typique avec une excellente tenue \u00e0 carafer 30 minutes pour se r\u00e9galer, de toutes mani\u00e8res, vous avez le temps, vous \u00eates en vacances, n&rsquo;est-ce pas ?<\/p>\n<p>&nbsp;<\/p>\n<p>Si vous souhaitez effectuer ce tour exceptionnel de vignobles, 1 467 km seront \u00e0 parcourir. Alors pourquoi ne pas prendre une petite semaine, embarquer ses amis, et r\u00e9server un bus (ou minibus) avec chauffeur ?<\/p>\n<p>&nbsp;<\/p>\n<p>&nbsp;<\/p>\n<p>&nbsp;<\/p>\n<h2 class=\"cprp_section_title\">Vous aimerez ces autres articles :)<\/h2><div class=\"cprp_items list \"><ul><li><div class=\"cprp_data\"><div class=\"cprp_title\"><a href=\"https:\/\/www.groupito.com\/blog\/trip\/la-route-des-cathedrales\/\" title=\"La route des cath\u00e9drales\">La route des cath\u00e9drales<\/a><\/div><\/div><\/li><li><div class=\"cprp_data\"><div class=\"cprp_title\"><a href=\"https:\/\/www.groupito.com\/blog\/trip\/la-route-de-cristal\/\" title=\"La Route de Cristal\">La Route de Cristal<\/a><\/div><\/div><\/li><li><div class=\"cprp_data\"><div class=\"cprp_title\"><a href=\"https:\/\/www.groupito.com\/blog\/trip\/la-route-des-lacs\/\" title=\"La Route des Lacs\">La Route des Lacs<\/a><\/div><\/div><\/li><li><div class=\"cprp_data\"><div class=\"cprp_title\"><a href=\"https:\/\/www.groupito.com\/blog\/trip\/les-boucles-de-la-seine\/\" title=\"Les Boucles de la Seine\">Les Boucles de la Seine<\/a><\/div><\/div><\/li><li><div class=\"cprp_data\"><div class=\"cprp_title\"><a href=\"https:\/\/www.groupito.com\/blog\/trip\/normandie-un-circuit-touristique-historique\/\" title=\"Normandie : un circuit touristique historique\">Normandie : un circuit touristique historique<\/a><\/div><\/div><\/li><li><div class=\"cprp_data\"><div class=\"cprp_title\"><a href=\"https:\/\/www.groupito.com\/blog\/trip\/circuit-touristique-en-provence-alpes-cote-dazur-sur-les-traces-de-marcel-pagnol\/\" title=\"Circuit en Provence Alpes C\u00f4te d\u2019Azur : Sur les traces de Marcel Pagnol\">Circuit en Provence Alpes C\u00f4te d\u2019Azur : Sur les traces de Marcel Pagnol<\/a><\/div><\/div><\/li><li><div class=\"cprp_data\"><div class=\"cprp_title\"><a href=\"https:\/\/www.groupito.com\/blog\/trip\/circuit-touristique-en-auvergne-le-temps-des-mines\/\" title=\"Circuit touristique en Auvergne : le temps des mines\">Circuit touristique en Auvergne : le temps des mines<\/a><\/div><\/div><\/li><li><div class=\"cprp_data\"><div class=\"cprp_title\"><a href=\"https:\/\/www.groupito.com\/blog\/trip\/circuit-touristique-en-charente-maritime\/\" title=\"Circuit touristique en Charente Maritime\">Circuit touristique en Charente Maritime<\/a><\/div><\/div><\/li><li><div class=\"cprp_data\"><div class=\"cprp_title\"><a href=\"https:\/\/www.groupito.com\/blog\/trip\/la-haute-garonne-un-circuit-touristique-pour-les-naturelovers\/\" title=\"La Haute-Garonne : un circuit touristique pour les amateurs de nature\">La Haute-Garonne : un circuit touristique pour les amateurs de nature<\/a><\/div><\/div><\/li><li><div class=\"cprp_data\"><div class=\"cprp_title\"><a href=\"https:\/\/www.groupito.com\/blog\/trip\/les-plus-beaux-chateaux-a-visiter-en-bus\/\" title=\"Les plus beaux ch\u00e2teaux \u00e0 visiter en bus\">Les plus beaux ch\u00e2teaux \u00e0 visiter en bus<\/a><\/div><\/div><\/li><\/ul><\/div><div style=\"clear:both;\"><\/div>","protected":false},"excerpt":{"rendered":"<p>Pour cet article, nous avons demand\u00e9 \u00e0 Willy Kiezer, r\u00e9dacteur du blog nibuniconnu.fr, de nous pr\u00e9senter les domaines fran\u00e7ais \u00e0 visiter. Nous sommes ravis qu&rsquo;il ait accept\u00e9, afin de vous proposer une nouvelle id\u00e9e de voyage. Bonne d\u00e9gustation ! &nbsp; La fin de l\u2019ann\u00e9e 2018 marque un tournant dans l\u2019univers de l\u2019\u00e9cologie et du d\u00e9veloppement durable. Malgr\u00e9 un r\u00e9chauffement climatique qui s\u2019acc\u00e9l\u00e8re, 2018 c\u2019est : le diesel qui devient plus cher que l\u2019essence, des centres villes qui deviennent des zones&#8230;<\/p>\n","protected":false},"author":1,"featured_media":1330,"comment_status":"closed","ping_status":"open","sticky":false,"template":"","format":"standard","meta":{"om_disable_all_campaigns":false},"categories":[31],"tags":[39,123],"aioseo_notices":[],"_links":{"self":[{"href":"https:\/\/www.groupito.com\/blog\/wp-json\/wp\/v2\/posts\/1323"}],"collection":[{"href":"https:\/\/www.groupito.com\/blog\/wp-json\/wp\/v2\/posts"}],"about":[{"href":"https:\/\/www.groupito.com\/blog\/wp-json\/wp\/v2\/types\/post"}],"author":[{"embeddable":true,"href":"https:\/\/www.groupito.com\/blog\/wp-json\/wp\/v2\/users\/1"}],"replies":[{"embeddable":true,"href":"https:\/\/www.groupito.com\/blog\/wp-json\/wp\/v2\/comments?post=1323"}],"version-history":[{"count":18,"href":"https:\/\/www.groupito.com\/blog\/wp-json\/wp\/v2\/posts\/1323\/revisions"}],"predecessor-version":[{"id":5182,"href":"https:\/\/www.groupito.com\/blog\/wp-json\/wp\/v2\/posts\/1323\/revisions\/5182"}],"wp:featuredmedia":[{"embeddable":true,"href":"https:\/\/www.groupito.com\/blog\/wp-json\/wp\/v2\/media\/1330"}],"wp:attachment":[{"href":"https:\/\/www.groupito.com\/blog\/wp-json\/wp\/v2\/media?parent=1323"}],"wp:term":[{"taxonomy":"category","embeddable":true,"href":"https:\/\/www.groupito.com\/blog\/wp-json\/wp\/v2\/categories?post=1323"},{"taxonomy":"post_tag","embeddable":true,"href":"https:\/\/www.groupito.com\/blog\/wp-json\/wp\/v2\/tags?post=1323"}],"curies":[{"name":"wp","href":"https:\/\/api.w.org\/{rel}","templated":true}]}}