{"id":1354,"date":"2019-01-18T11:31:29","date_gmt":"2019-01-18T10:31:29","guid":{"rendered":"https:\/\/www.groupito.com\/blog\/?p=1354"},"modified":"2025-02-20T17:40:58","modified_gmt":"2025-02-20T16:40:58","slug":"la-route-de-cristal","status":"publish","type":"post","link":"https:\/\/www.groupito.com\/blog\/trip\/la-route-de-cristal\/","title":{"rendered":"La Route de Cristal"},"content":{"rendered":"<p><em>Vous aimeriez d\u00e9couvrir de nouvelles choses tout en voyageant en bus \u00e0 travers la France. Vous \u00eates de passage dans le grand Est ? Vous devez absolument parcourir la <strong>Route du verre et du cristal<\/strong>. Vous n\u2019en avez jamais entendu parler ? Il s\u2019agit d\u2019un itin\u00e9raire d&rsquo;exception, ayant par le pass\u00e9 s\u00e9duit de grands hommes et de grandes femmes, comme Elisabeth II, la Reine d\u2019Angleterre, le Tsar Nicolas ou encore l\u2019empereur du Japon. Si ces personnes c\u00e9l\u00e8bres se sont rendus en <strong>Lorraine<\/strong>, c\u2019est pour acqu\u00e9rir des oeuvres uniques, cr\u00e9\u00e9es habillement par les artisans de la r\u00e9gion. D\u00e9couvrez les verreries et cristalleries les plus c\u00e9l\u00e8bres \u00e0 visiter en Lorraine !<\/em><\/p>\n<p>&nbsp;<\/p>\n<h2><strong>La cristallerie Daum<\/strong><\/h2>\n<p><img decoding=\"async\" loading=\"lazy\" class=\"alignnone size-medium wp-image-1362\" src=\"https:\/\/www.groupito.com\/blog\/wp-content\/uploads\/2018\/11\/cristalerie-damun-300x123.png\" alt=\"cristalerie-daum\" width=\"300\" height=\"123\" srcset=\"https:\/\/www.groupito.com\/blog\/wp-content\/uploads\/2018\/11\/cristalerie-damun-300x123.png 300w, https:\/\/www.groupito.com\/blog\/wp-content\/uploads\/2018\/11\/cristalerie-damun-690x286.png 690w, https:\/\/www.groupito.com\/blog\/wp-content\/uploads\/2018\/11\/cristalerie-damun-636x260.png 636w, https:\/\/www.groupito.com\/blog\/wp-content\/uploads\/2018\/11\/cristalerie-damun.png 700w\" sizes=\"(max-width: 300px) 100vw, 300px\" \/><\/p>\n<p>Savez-vous ce qui diff\u00e9rencie le verre du cristal ? C\u2019est tr\u00e8s simple : on a ajout\u00e9 au verre de l\u2019oxyde de plomb, qui lui donne son \u00e9clat si brillant et reconnaissable.<\/p>\n<p>Les <strong>artisans de la cristallerie Daum<\/strong> sont experts en la mati\u00e8re : depuis 1878, les artisans de la maison Daum sont pass\u00e9s ma\u00eetre en l\u2019art de modeler la p\u00e2te de cristal, mat\u00e9riau pr\u00e9cieux et difficile \u00e0 travailler. Vous pourrez avoir un aper\u00e7u de leur savoir faire dans la ville de Nancy, ou f\u00fbt cr\u00e9\u00e9e la premi\u00e8re verrerie Daum. Sur place, vous pourrez m\u00eame acqu\u00e9rir diff\u00e9rentes pi\u00e8ces en cristal : statues, vases, bougeoirs, et m\u00eame des tables basse cr\u00e9\u00e9es enti\u00e8rement en cristal et en verre&#8230;<\/p>\n<p>&nbsp;<\/p>\n<h2><strong>Verrerie de Portieux<\/strong><\/h2>\n<p><img decoding=\"async\" loading=\"lazy\" class=\"alignnone size-medium wp-image-1361\" src=\"https:\/\/www.groupito.com\/blog\/wp-content\/uploads\/2018\/11\/verrerie-de-portieux-300x123.png\" alt=\"verrerie-de-portieux\" width=\"300\" height=\"123\" srcset=\"https:\/\/www.groupito.com\/blog\/wp-content\/uploads\/2018\/11\/verrerie-de-portieux-300x123.png 300w, https:\/\/www.groupito.com\/blog\/wp-content\/uploads\/2018\/11\/verrerie-de-portieux-690x286.png 690w, https:\/\/www.groupito.com\/blog\/wp-content\/uploads\/2018\/11\/verrerie-de-portieux-636x260.png 636w, https:\/\/www.groupito.com\/blog\/wp-content\/uploads\/2018\/11\/verrerie-de-portieux.png 700w\" sizes=\"(max-width: 300px) 100vw, 300px\" \/><\/p>\n<p>Plus qu\u2019une verrerie, <strong>la cristallerie de Portieux<\/strong> est un v\u00e9ritable mus\u00e9e. Plus pr\u00e9cis\u00e9ment, un \u00c9comus\u00e9e, destin\u00e9 \u00e0 valoriser le territoire de la Lorraine et le patrimoine de la maison Portieux. Fond\u00e9 en 2008, il vous permet d\u2019en savoir plus sur l\u2019histoire de la verrerie Portieux. Vous pourrez y admirer les outils utilis\u00e9s par les artisans, de nombreux objets anciens, des cartes postales, mais aussi d\u00e9couvrir en vid\u00e9o la vie du village et de l\u2019usine depuis 1950 \u00e0 2005.<\/p>\n<p>&nbsp;<\/p>\n<h2><strong>Cristallerie Baccarat\u00a0\u00a0\u00a0\u00a0\u00a0<\/strong><\/h2>\n<p><img decoding=\"async\" loading=\"lazy\" class=\"alignnone size-medium wp-image-1364\" src=\"https:\/\/www.groupito.com\/blog\/wp-content\/uploads\/2018\/11\/baccarat-300x123.png\" alt=\"Baccarat\" width=\"300\" height=\"123\" srcset=\"https:\/\/www.groupito.com\/blog\/wp-content\/uploads\/2018\/11\/baccarat-300x123.png 300w, https:\/\/www.groupito.com\/blog\/wp-content\/uploads\/2018\/11\/baccarat-690x286.png 690w, https:\/\/www.groupito.com\/blog\/wp-content\/uploads\/2018\/11\/baccarat-636x260.png 636w, https:\/\/www.groupito.com\/blog\/wp-content\/uploads\/2018\/11\/baccarat.png 700w\" sizes=\"(max-width: 300px) 100vw, 300px\" \/><\/p>\n<p>Depuis 1764, la <strong>maison Baccarat <\/strong>cr\u00e9e des pi\u00e8ces d&rsquo;exception en cristal. Fond\u00e9e en Lorraine, elle dispose \u00e9galement d\u2019un mus\u00e9e retra\u00e7ant l\u2019histoire de la maison et exposant une multitude d\u2019objets en cristal. Il se dit m\u00eame que vous pourrez y entendre le souffle des fours de la Halle, situ\u00e9s juste en face du mus\u00e9e.<\/p>\n<p>&nbsp;<\/p>\n<h2><strong>Ancienne verrerie de Saint-Quirin<\/strong><\/h2>\n<p><img decoding=\"async\" loading=\"lazy\" class=\"alignnone size-medium wp-image-1360\" src=\"https:\/\/www.groupito.com\/blog\/wp-content\/uploads\/2018\/11\/cristallerie-de-st-quirin-300x123.png\" alt=\"Cristallerie-de-st-quirin\" width=\"300\" height=\"123\" srcset=\"https:\/\/www.groupito.com\/blog\/wp-content\/uploads\/2018\/11\/cristallerie-de-st-quirin-300x123.png 300w, https:\/\/www.groupito.com\/blog\/wp-content\/uploads\/2018\/11\/cristallerie-de-st-quirin-690x286.png 690w, https:\/\/www.groupito.com\/blog\/wp-content\/uploads\/2018\/11\/cristallerie-de-st-quirin-636x260.png 636w, https:\/\/www.groupito.com\/blog\/wp-content\/uploads\/2018\/11\/cristallerie-de-st-quirin.png 700w\" sizes=\"(max-width: 300px) 100vw, 300px\" \/><\/p>\n<p>Cr\u00e9\u00e9e par les moines au Xv\u00e8me si\u00e8cle, la verrerie de Saint-Quirin est \u00e9galement appel\u00e9e <strong>verrerie de Lettenbach<\/strong>. \u00c0 l\u2019origine, les moines ont souhait\u00e9 mettre en valeur leur domaine forestier en y introduisant une industrie pouvant utiliser le bois. Voyant qu\u2019elle ne leur rapporte quasiment rien, ils d\u00e9cident de cr\u00e9er une verrerie \u00e0 la place. Au X VIII\u00e8me si\u00e8cle, la maison conna\u00eet son apog\u00e9e et vend ses produits \u00e0 travers toute la France et en Am\u00e9rique du Nord. D\u00e9truite durant la guerre de Trente Ans, la verrerie est reconstruite au milieu du XVIII\u00e8me si\u00e8cle.<\/p>\n<p>On dit que la verrerie de Saint-Quirin est le <strong>berceau des verreries de France<\/strong>. Raison de plus pour visiter cette formidable b\u00e2tisse, La Rose de Cristal, charg\u00e9e d\u2019une histoire puissante.<\/p>\n<p>&nbsp;<\/p>\n<h2><strong>Ancienne Cristallerie de Hartzviller<\/strong><\/h2>\n<p><img decoding=\"async\" loading=\"lazy\" class=\"alignnone size-medium wp-image-1363\" src=\"https:\/\/www.groupito.com\/blog\/wp-content\/uploads\/2018\/11\/verrerie-de-hartzvillier-300x123.png\" alt=\"verrerie-de-hartzvillier\" width=\"300\" height=\"123\" srcset=\"https:\/\/www.groupito.com\/blog\/wp-content\/uploads\/2018\/11\/verrerie-de-hartzvillier-300x123.png 300w, https:\/\/www.groupito.com\/blog\/wp-content\/uploads\/2018\/11\/verrerie-de-hartzvillier-690x286.png 690w, https:\/\/www.groupito.com\/blog\/wp-content\/uploads\/2018\/11\/verrerie-de-hartzvillier-636x260.png 636w, https:\/\/www.groupito.com\/blog\/wp-content\/uploads\/2018\/11\/verrerie-de-hartzvillier.png 700w\" sizes=\"(max-width: 300px) 100vw, 300px\" \/><\/p>\n<p>Fond\u00e9e en 1932 par des ma\u00eetres verriers exp\u00e9riment\u00e9s,<strong> la cristallerie de Hartzviller<\/strong> fabrique des articles souffl\u00e9s \u00e0 la bouche et fa\u00e7onn\u00e9s \u00e0 la main, notamment des articles de maison et de d\u00e9coration de table. Visitez-la pour admirer le savoir-faire et la pr\u00e9cision du travail des ma\u00eetres verriers. Vous pourrez assister en direct \u00e0 la cr\u00e9ation d\u2019une pi\u00e8ce de d\u00e9coration. Profitez de l\u2019occasion pour vous procurer des verres, des fl\u00fbtes, des vases ou encore des bougeoirs artisanaux de haute-qualit\u00e9&#8230;<\/p>\n<p>&nbsp;<\/p>\n<h2><strong>Cristallerie de Vall\u00e9rysthal<\/strong><\/h2>\n<p><img decoding=\"async\" loading=\"lazy\" class=\"alignnone size-medium wp-image-1356\" src=\"https:\/\/www.groupito.com\/blog\/wp-content\/uploads\/2018\/11\/Verrerie-vall\u00e9rysthal-300x123.png\" alt=\"Verrerie-vall\u00e9rysthal\" width=\"300\" height=\"123\" srcset=\"https:\/\/www.groupito.com\/blog\/wp-content\/uploads\/2018\/11\/Verrerie-vall\u00e9rysthal-300x123.png 300w, https:\/\/www.groupito.com\/blog\/wp-content\/uploads\/2018\/11\/Verrerie-vall\u00e9rysthal-690x286.png 690w, https:\/\/www.groupito.com\/blog\/wp-content\/uploads\/2018\/11\/Verrerie-vall\u00e9rysthal-636x260.png 636w, https:\/\/www.groupito.com\/blog\/wp-content\/uploads\/2018\/11\/Verrerie-vall\u00e9rysthal.png 700w\" sizes=\"(max-width: 300px) 100vw, 300px\" \/><\/p>\n<p>Depuis le 8 janvier 1707,<strong> la verrerie Vall\u00e9rysthal<\/strong> insuffle la magie des gestes ancestraux de ses <strong>ma\u00eetres verriers<\/strong>. Par le pass\u00e9, elle recevait une client\u00e8le internationale prestigieuse, comme la grande duchesse de Vladimir, \u00e9pouse du fr\u00e8re tu grand Tsar Nicolas II de Russie.<\/p>\n<p>Vous avez la possibilit\u00e9 de visiter les lieux et d\u2019admirer les objets en cristal et en verre faits main, mais aussi un espace consacr\u00e9 aux <strong>fa\u00efences de Lun\u00e9ville et de St Cl\u00e9ment<\/strong>.<\/p>\n<p>&nbsp;<\/p>\n<h2><strong>Cristal Lehrer<\/strong><\/h2>\n<p><img decoding=\"async\" loading=\"lazy\" class=\"alignnone size-medium wp-image-1357\" src=\"https:\/\/www.groupito.com\/blog\/wp-content\/uploads\/2018\/11\/cristal-lerher-300x123.png\" alt=\"cristal-lerher\" width=\"300\" height=\"123\" srcset=\"https:\/\/www.groupito.com\/blog\/wp-content\/uploads\/2018\/11\/cristal-lerher-300x123.png 300w, https:\/\/www.groupito.com\/blog\/wp-content\/uploads\/2018\/11\/cristal-lerher-690x286.png 690w, https:\/\/www.groupito.com\/blog\/wp-content\/uploads\/2018\/11\/cristal-lerher-636x260.png 636w, https:\/\/www.groupito.com\/blog\/wp-content\/uploads\/2018\/11\/cristal-lerher.png 700w\" sizes=\"(max-width: 300px) 100vw, 300px\" \/><\/p>\n<p>D\u2019apparence plus moderne que les verreries pr\u00e9c\u00e9dente,<strong> la cristallerie Lehrer<\/strong> est ouverte depuis plus de 35 ans. Vous pourrez y acheter de nombreux objets en cristal, certains \u00e9tant fabriqu\u00e9s pour de grandes occasions telles que les mariages, bapt\u00eames, communions&#8230;<\/p>\n<p>&nbsp;<\/p>\n<h2><strong>Cristallerie Lalique<\/strong><\/h2>\n<p><img decoding=\"async\" loading=\"lazy\" class=\"alignnone size-medium wp-image-1365\" src=\"https:\/\/www.groupito.com\/blog\/wp-content\/uploads\/2018\/11\/lalerie-300x123.png\" alt=\"Lalerie\" width=\"300\" height=\"123\" srcset=\"https:\/\/www.groupito.com\/blog\/wp-content\/uploads\/2018\/11\/lalerie-300x123.png 300w, https:\/\/www.groupito.com\/blog\/wp-content\/uploads\/2018\/11\/lalerie-690x286.png 690w, https:\/\/www.groupito.com\/blog\/wp-content\/uploads\/2018\/11\/lalerie-636x260.png 636w, https:\/\/www.groupito.com\/blog\/wp-content\/uploads\/2018\/11\/lalerie.png 700w\" sizes=\"(max-width: 300px) 100vw, 300px\" \/><\/p>\n<p>Il s\u2019agit d\u2019un mus\u00e9e, implant\u00e9 dans la ville o\u00f9 Ren\u00e9 Lalique cr\u00e9ait sa verrerie en 1921. Il vous y sera pr\u00e9sent\u00e9 plus de 650 \u0153uvres cr\u00e9\u00e9es par Mr Lalique : dessins, flacons de parfums, objets d\u2019art de la table, bijoux, joaillerie, vases\u2026<\/p>\n<p>Votre journ\u00e9e sera rythm\u00e9e par la projection de vid\u00e9os o\u00f9 vous pourrez admirer les chapelles d\u00e9cor\u00e9es par Ren\u00e9 Lalique et bien d\u2019autres choses li\u00e9es \u00e0 l\u2019histoire de la verrerie&#8230;<\/p>\n<p>&nbsp;<\/p>\n<h2><strong>Verrier de Meisenthal<\/strong><\/h2>\n<p><img decoding=\"async\" loading=\"lazy\" class=\"alignnone size-medium wp-image-1358\" src=\"https:\/\/www.groupito.com\/blog\/wp-content\/uploads\/2018\/11\/Verrerie-de-Meisenthal-300x123.png\" alt=\"Verrerie-de-Meisenthal\" width=\"300\" height=\"123\" srcset=\"https:\/\/www.groupito.com\/blog\/wp-content\/uploads\/2018\/11\/Verrerie-de-Meisenthal-300x123.png 300w, https:\/\/www.groupito.com\/blog\/wp-content\/uploads\/2018\/11\/Verrerie-de-Meisenthal-690x286.png 690w, https:\/\/www.groupito.com\/blog\/wp-content\/uploads\/2018\/11\/Verrerie-de-Meisenthal-636x260.png 636w, https:\/\/www.groupito.com\/blog\/wp-content\/uploads\/2018\/11\/Verrerie-de-Meisenthal.png 700w\" sizes=\"(max-width: 300px) 100vw, 300px\" \/><\/p>\n<p>Ferm\u00e9e en 1969, la verrerie a rouvert ses portes au public apr\u00e8s d\u2019importants travaux de reconversion. Vous trouverez maintenant sur place <strong>le Mus\u00e9e du Verre, le Centre international d\u2019Art Verrier et la Halle Verri\u00e8re<\/strong>. Ces trois sites, ouverts au public, vous permettront d\u2019en apprendre davantage sur le savoir-faire des ma\u00eetres verriers de Meisenthal.<\/p>\n<p>&nbsp;<\/p>\n<h2><strong>Cristallerie de Saint-Louis<\/strong><\/h2>\n<p><img decoding=\"async\" loading=\"lazy\" class=\"alignnone size-medium wp-image-1359\" src=\"https:\/\/www.groupito.com\/blog\/wp-content\/uploads\/2018\/11\/cristalerie-st-louis-300x123.png\" alt=\"Cristalerie-st-louis\" width=\"300\" height=\"123\" srcset=\"https:\/\/www.groupito.com\/blog\/wp-content\/uploads\/2018\/11\/cristalerie-st-louis-300x123.png 300w, https:\/\/www.groupito.com\/blog\/wp-content\/uploads\/2018\/11\/cristalerie-st-louis-690x286.png 690w, https:\/\/www.groupito.com\/blog\/wp-content\/uploads\/2018\/11\/cristalerie-st-louis-636x260.png 636w, https:\/\/www.groupito.com\/blog\/wp-content\/uploads\/2018\/11\/cristalerie-st-louis.png 700w\" sizes=\"(max-width: 300px) 100vw, 300px\" \/><\/p>\n<p>D\u00e9couvrez une collection unique au monde : en suivant le parcours du mus\u00e9e long de plus de 953 m\u00e8tres, vous pourrez contempler plus de 2 000 pi\u00e8ces d\u2019exception, toutes issues du savoir-faire l\u00e9gendaire de Saint-Louis. V\u00e9ritable hommage \u00e0 l\u2019ensemble des experts de la manufacture, le mus\u00e9e Saint-Louis et une visite id\u00e9ale \u00e0 faire en famille : vous y verrez des reportages vid\u00e9os, des objets pr\u00e9cieux, mais pourrez aussi participer \u00e0 des ateliers ludiques vous permettant d\u2019appr\u00e9cier les sp\u00e9cificit\u00e9s du cristal.<\/p>\n<p>&nbsp;<\/p>\n<h2><strong>Louer un bus pour d\u00e9couvrir les verreries et cristalleries de Lorraine<\/strong><\/h2>\n<p>Comme vous l\u2019avez compris, vous aventurer sur la route de cristal vous permettra d\u2019en apprendre plus sur<strong> l\u2019art de la verrerie et de la cristallerie<\/strong>, mais aussi d\u2019en apprendre plus sur cette belle r\u00e9gion. Les mus\u00e9es et cristalleries \u00e0 visiter sont innombrables : vous en trouverez par dizaines tout au long de votre p\u00e9riple. Pour faciliter vos d\u00e9placements, <strong>louer un bus<\/strong> est une bonne alternative : votre chauffeur priv\u00e9 vous accompagnera dans tous vos d\u00e9placements et vous \u00e9pargnera de longues heures en voiture. Ainsi, vous pouvez vous concentrer uniquement sur votre parcours et d\u00e9couvrir la <strong>route de Cristal <\/strong>\u00e0 votre rythme.<\/p>\n<p><strong>En compl\u00e9ment :<\/strong><br \/>\nPour compl\u00e9ter votre exploration des routes mythiques, vous pouvez \u00e9galement consulter notre guide sur <a href=\"https:\/\/www.groupito.com\/blog\/trip\/les-routes-mythiques-du-monde-tour-dhorizon\/\">les routes les plus mythiques du monde<\/a>. Si vous pr\u00e9f\u00e9rez une aventure en France, d\u00e9couvrez notre article sur <a href=\"https:\/\/www.groupito.com\/blog\/trip\/la-route-des-ecrivains\/\">la route des \u00e9crivains<\/a>. Enfin, pour un road trip inoubliable, jetez un \u0153il \u00e0 notre guide sur <a href=\"https:\/\/www.groupito.com\/blog\/trip\/traverser-la-mythique-route-66-tous-les-secrets-a-connaitre\/\">la travers\u00e9e de la Route 66<\/a>.<\/p>\n<p>&nbsp;<\/p>\n<h2 class=\"cprp_section_title\">Vous aimerez ces autres articles :)<\/h2><div class=\"cprp_items list \"><ul><li><div class=\"cprp_data\"><div class=\"cprp_title\"><a href=\"https:\/\/www.groupito.com\/blog\/trip\/circuit-touristique-en-provence-alpes-cote-dazur-sur-les-traces-de-marcel-pagnol\/\" title=\"Circuit en Provence Alpes C\u00f4te d\u2019Azur : Sur les traces de Marcel Pagnol\">Circuit en Provence Alpes C\u00f4te d\u2019Azur : Sur les traces de Marcel Pagnol<\/a><\/div><\/div><\/li><li><div class=\"cprp_data\"><div class=\"cprp_title\"><a href=\"https:\/\/www.groupito.com\/blog\/trip\/circuit-touristique-en-auvergne-le-temps-des-mines\/\" title=\"Circuit touristique en Auvergne : le temps des mines\">Circuit touristique en Auvergne : le temps des mines<\/a><\/div><\/div><\/li><li><div class=\"cprp_data\"><div class=\"cprp_title\"><a href=\"https:\/\/www.groupito.com\/blog\/trip\/la-haute-garonne-un-circuit-touristique-pour-les-naturelovers\/\" title=\"La Haute-Garonne : un circuit touristique pour les amateurs de nature\">La Haute-Garonne : un circuit touristique pour les amateurs de nature<\/a><\/div><\/div><\/li><li><div class=\"cprp_data\"><div class=\"cprp_title\"><a href=\"https:\/\/www.groupito.com\/blog\/trip\/les-boucles-de-la-seine\/\" title=\"Les Boucles de la Seine\">Les Boucles de la Seine<\/a><\/div><\/div><\/li><li><div class=\"cprp_data\"><div class=\"cprp_title\"><a href=\"https:\/\/www.groupito.com\/blog\/trip\/la-bourgogne-un-circuit-touristique-qui-fait-voyager-dans-le-temps\/\" title=\"La Bourgogne : un circuit touristique qui fait voyager dans le temps\">La Bourgogne : un circuit touristique qui fait voyager dans le temps<\/a><\/div><\/div><\/li><li><div class=\"cprp_data\"><div class=\"cprp_title\"><a href=\"https:\/\/www.groupito.com\/blog\/trip\/endroits-a-visiter-dans-hauts-de-france\/\" title=\"Hauts-de-France, tous les incontournables \u00e0 visiter !\">Hauts-de-France, tous les incontournables \u00e0 visiter !<\/a><\/div><\/div><\/li><li><div class=\"cprp_data\"><div class=\"cprp_title\"><a href=\"https:\/\/www.groupito.com\/blog\/trip\/tour-des-lieux-de-tournage-en-europe-ou-en-france\/\" title=\"Tour des lieux de tournage en Europe et en France\">Tour des lieux de tournage en Europe et en France<\/a><\/div><\/div><\/li><li><div class=\"cprp_data\"><div class=\"cprp_title\"><a href=\"https:\/\/www.groupito.com\/blog\/trip\/les-plus-beaux-chateaux-a-visiter-en-bus\/\" title=\"Les plus beaux ch\u00e2teaux \u00e0 visiter en bus\">Les plus beaux ch\u00e2teaux \u00e0 visiter en bus<\/a><\/div><\/div><\/li><li><div class=\"cprp_data\"><div class=\"cprp_title\"><a href=\"https:\/\/www.groupito.com\/blog\/trip\/la-route-des-cathedrales\/\" title=\"La route des cath\u00e9drales\">La route des cath\u00e9drales<\/a><\/div><\/div><\/li><li><div class=\"cprp_data\"><div class=\"cprp_title\"><a href=\"https:\/\/www.groupito.com\/blog\/trip\/la-route-des-ecrivains\/\" title=\"La route des \u00e9crivains\">La route des \u00e9crivains<\/a><\/div><\/div><\/li><\/ul><\/div><div style=\"clear:both;\"><\/div>","protected":false},"excerpt":{"rendered":"<p>Vous aimeriez d\u00e9couvrir de nouvelles choses tout en voyageant en bus \u00e0 travers la France. Vous \u00eates de passage dans le grand Est ? Vous devez absolument parcourir la Route du verre et du cristal. Vous n\u2019en avez jamais entendu parler ? Il s\u2019agit d\u2019un itin\u00e9raire d&rsquo;exception, ayant par le pass\u00e9 s\u00e9duit de grands hommes et de grandes femmes, comme Elisabeth II, la Reine d\u2019Angleterre, le Tsar Nicolas ou encore l\u2019empereur du Japon. Si ces personnes c\u00e9l\u00e8bres se sont rendus&#8230;<\/p>\n","protected":false},"author":1,"featured_media":1366,"comment_status":"closed","ping_status":"open","sticky":false,"template":"","format":"standard","meta":{"om_disable_all_campaigns":false},"categories":[31],"tags":[39,123],"aioseo_notices":[],"_links":{"self":[{"href":"https:\/\/www.groupito.com\/blog\/wp-json\/wp\/v2\/posts\/1354"}],"collection":[{"href":"https:\/\/www.groupito.com\/blog\/wp-json\/wp\/v2\/posts"}],"about":[{"href":"https:\/\/www.groupito.com\/blog\/wp-json\/wp\/v2\/types\/post"}],"author":[{"embeddable":true,"href":"https:\/\/www.groupito.com\/blog\/wp-json\/wp\/v2\/users\/1"}],"replies":[{"embeddable":true,"href":"https:\/\/www.groupito.com\/blog\/wp-json\/wp\/v2\/comments?post=1354"}],"version-history":[{"count":15,"href":"https:\/\/www.groupito.com\/blog\/wp-json\/wp\/v2\/posts\/1354\/revisions"}],"predecessor-version":[{"id":6055,"href":"https:\/\/www.groupito.com\/blog\/wp-json\/wp\/v2\/posts\/1354\/revisions\/6055"}],"wp:featuredmedia":[{"embeddable":true,"href":"https:\/\/www.groupito.com\/blog\/wp-json\/wp\/v2\/media\/1366"}],"wp:attachment":[{"href":"https:\/\/www.groupito.com\/blog\/wp-json\/wp\/v2\/media?parent=1354"}],"wp:term":[{"taxonomy":"category","embeddable":true,"href":"https:\/\/www.groupito.com\/blog\/wp-json\/wp\/v2\/categories?post=1354"},{"taxonomy":"post_tag","embeddable":true,"href":"https:\/\/www.groupito.com\/blog\/wp-json\/wp\/v2\/tags?post=1354"}],"curies":[{"name":"wp","href":"https:\/\/api.w.org\/{rel}","templated":true}]}}