{"id":2109,"date":"2019-05-03T12:03:44","date_gmt":"2019-05-03T10:03:44","guid":{"rendered":"https:\/\/www.groupito.com\/blog\/?p=2109"},"modified":"2025-02-20T17:32:23","modified_gmt":"2025-02-20T16:32:23","slug":"les-bus-electriques-une-technologie-ancree-dans-la-societe","status":"publish","type":"post","link":"https:\/\/www.groupito.com\/blog\/la-minute-groupito\/les-bus-electriques-une-technologie-ancree-dans-la-societe\/","title":{"rendered":"Les bus \u00e9lectriques, une technologie ancr\u00e9e dans la soci\u00e9t\u00e9 ?"},"content":{"rendered":"<p>Dans une aire o\u00f9 le monde va mal, o\u00f9 la pollution fait rage et o\u00f9 la peur s\u2019intensifie. Il est temps de prendre des d\u00e9cisions et d\u2019int\u00e9grer certaines<strong> habitudes \u00e9cologiques<\/strong> dans nos vies. Cela peut \u00eatre tr\u00e8s simple, comme avoir un sac en tissu avec soi pour \u00e9viter les sacs en plastique, ne plus acheter de bouteilles mais boire dans des gourdes, faire le tri s\u00e9lectif, faire les petits trajets individuels en v\u00e9lo\u2026 Alors oui \u00e7a <span id=\"spans1e0\" class=\"ac\">para\u00eet<\/span> simple. Le plus difficile est de se motiver et de s\u2019obliger \u00e0 prendre toutes ces petites manies qui ne sont pas encore des <span id=\"spans2e0\" class=\"sac\">r\u00e9flexes<\/span> naturels mais qui finirons par l\u2019\u00eatre. Oui Groupito, mais pour les plus gros enjeux\u00a0 comme les<strong> moyens de transport p<b>olluants<\/b><span style=\"display: inline !important; float: none; background-color: transparent; color: #333333; cursor: text; font-family: Georgia,'Times New Roman','Bitstream Charter',Times,serif; font-size: 16px; font-style: normal; font-variant: normal; font-weight: 400; letter-spacing: normal; orphans: 2; text-align: left; text-decoration: none; text-indent: 0px; text-transform: none; -webkit-text-stroke-width: 0px; white-space: normal; word-spacing: 0px;\">, comment peut-on faire\u00a0?<\/span><\/strong><\/p>\n<p>&nbsp;<\/p>\n<h2><strong>Les bus \u00e9lectriques\u00a0<\/strong><\/h2>\n<p><img decoding=\"async\" loading=\"lazy\" class=\"alignnone size-medium wp-image-2114\" src=\"https:\/\/www.groupito.com\/blog\/wp-content\/uploads\/2019\/03\/Les-bus-electriques-300x123.png\" alt=\"Les bus electriques\" width=\"300\" height=\"123\" srcset=\"https:\/\/www.groupito.com\/blog\/wp-content\/uploads\/2019\/03\/Les-bus-electriques-300x123.png 300w, https:\/\/www.groupito.com\/blog\/wp-content\/uploads\/2019\/03\/Les-bus-electriques-690x286.png 690w, https:\/\/www.groupito.com\/blog\/wp-content\/uploads\/2019\/03\/Les-bus-electriques-636x260.png 636w, https:\/\/www.groupito.com\/blog\/wp-content\/uploads\/2019\/03\/Les-bus-electriques.png 700w\" sizes=\"(max-width: 300px) 100vw, 300px\" \/><\/p>\n<p>Sachez tout d\u2019abord que bien que les moyens de <span id=\"spans0e0\" class=\"ac\">transport<\/span> en r\u00e8gle g\u00e9n\u00e9ral soient polluants, lorsque vous voyagez \u00e0 plusieurs, certains choix de transport sont plus \u00e9cologiques que <span id=\"spans0e1\" class=\"ac\">d&rsquo;autres<\/span><span style=\"display: inline !important; float: none; background-color: #ffffff; color: #32485f; font-family: 'Montserrat',Arial,sans serif; font-size: 14px; font-style: normal; font-variant: normal; font-weight: 400; letter-spacing: normal; line-height: 20px; orphans: 2; text-align: left; text-decoration: none; text-indent: 0px; text-transform: none; -webkit-text-stroke-width: 0px; white-space: normal; word-spacing: 0px;\">.<\/span> Par exemple, louer un bus ou louer minibus vous fera consommer moins de Co2 que de prendre plusieurs voitures. Cependant, pour un d\u00e9placement encore plus responsable, des innovations <span id=\"spans2e0\" class=\"ac\">ont<\/span> <span id=\"spans2e1\" class=\"ac\">vu<\/span> le jour. Nous parlons bien s\u00fbr des <strong>bus \u00e9lectriques.<\/strong> Ces engins non polluants et silencieux font tabac. En effet, il est de plus en plus courant d\u2019en entendre parler et de le voir apparaitre petit \u00e0 petit dans nos villes.<\/p>\n<p>Mais pourquoi ne font-ils pas partie de nos quotidiens\u00a0?<\/p>\n<p>&nbsp;<\/p>\n<h2><strong>Un syst\u00e8me couteux\u00a0<\/strong><\/h2>\n<p><img decoding=\"async\" loading=\"lazy\" class=\"alignnone size-medium wp-image-2112\" src=\"https:\/\/www.groupito.com\/blog\/wp-content\/uploads\/2019\/03\/couteux-300x123.png\" alt=\"Argent \" width=\"300\" height=\"123\" srcset=\"https:\/\/www.groupito.com\/blog\/wp-content\/uploads\/2019\/03\/couteux-300x123.png 300w, https:\/\/www.groupito.com\/blog\/wp-content\/uploads\/2019\/03\/couteux-690x286.png 690w, https:\/\/www.groupito.com\/blog\/wp-content\/uploads\/2019\/03\/couteux-636x260.png 636w, https:\/\/www.groupito.com\/blog\/wp-content\/uploads\/2019\/03\/couteux.png 700w\" sizes=\"(max-width: 300px) 100vw, 300px\" \/><\/p>\n<p>En effet, ce dispositif demeure tr\u00e8s couteux, c\u2019est d\u2019ailleurs pour cela qu\u2019en France, nous parlons plus de <strong>minibus \u00e9lectriques<\/strong>. Pour le moment, le projet reste en exp\u00e9rimentation sur des petites distances, c\u2019est la raison pour laquelle ces initiatives sont <span id=\"spans0e0\" class=\"ac\">prises<\/span> sur des navettes par exemple.<\/p>\n<p>&nbsp;<\/p>\n<h2><b>Des petits soucis techniques\u00a0<\/b><\/h2>\n<p><img decoding=\"async\" loading=\"lazy\" class=\"alignnone size-medium wp-image-2111\" src=\"https:\/\/www.groupito.com\/blog\/wp-content\/uploads\/2019\/03\/Recharge-300x123.png\" alt=\"Recharge bus electrique\" width=\"300\" height=\"123\" srcset=\"https:\/\/www.groupito.com\/blog\/wp-content\/uploads\/2019\/03\/Recharge-300x123.png 300w, https:\/\/www.groupito.com\/blog\/wp-content\/uploads\/2019\/03\/Recharge-690x286.png 690w, https:\/\/www.groupito.com\/blog\/wp-content\/uploads\/2019\/03\/Recharge-636x260.png 636w, https:\/\/www.groupito.com\/blog\/wp-content\/uploads\/2019\/03\/Recharge.png 700w\" sizes=\"(max-width: 300px) 100vw, 300px\" \/><\/p>\n<p><b><\/b>Les bus \u00e9lectriques fonctionnent selon un syst\u00e8me de batterie, qui, bien que prenant plus de place qu\u2019un r\u00e9servoir de carburant, assure une autonomie de plus de 100 km. Cependant, L&rsquo;autonomie n&rsquo;est pas encore aussi importante que celle des v\u00e9hicules thermiques, et les <strong>points de recharge pour les v\u00e9hicules \u00e9lectriques<\/strong> ne sont pour l&rsquo;instant pas aussi r\u00e9pandus que les <span id=\"spans1e0\" class=\"sac\">stations-service<\/span><span style=\"display: inline !important; float: none; background-color: #ffffff; color: #32485f; font-family: 'Montserrat',Arial,sans serif; font-size: 14px; font-style: normal; font-variant: normal; font-weight: 400; letter-spacing: normal; line-height: 20px; orphans: 2; text-align: left; text-decoration: none; text-indent: 0px; text-transform: none; -webkit-text-stroke-width: 0px; white-space: normal; word-spacing: 0px;\">. <\/span> C\u2019est la raison pour laquelle Il est impossible de se lancer dans des trajets de longues distances comme le font les autocars.<\/p>\n<p>Malgr\u00e9 ces petits points \u00e0 travailler, le bus \u00e9lectrique reste une id\u00e9e prometteuse, qui <span id=\"spans2e0\" class=\"sac\">pla\u00eet<\/span> de plus en plus et qui entre petit \u00e0 petit dans les esprits. Aujourd\u2019hui dans plusieurs villes comme Bordeaux, Valenciennes, Paris, Toulouse ou Bayonne, des tests ont \u00e9taient effectu\u00e9 et des petits projets mis en place dans <span id=\"spans3e1\" class=\"ac\">certains quartiers<\/span><span style=\"display: inline !important; float: none; background-color: #ffffff; color: #32485f; font-family: 'Montserrat',Arial,sans serif; font-size: 14px; font-style: normal; font-variant: normal; font-weight: 400; letter-spacing: normal; line-height: 20px; orphans: 2; text-align: left; text-decoration: none; text-indent: 0px; text-transform: none; -webkit-text-stroke-width: 0px; white-space: normal; word-spacing: 0px;\">.<\/span><\/p>\n<p>&nbsp;<\/p>\n<h2><strong>Une technologie en perp\u00e9tuelle innovation <\/strong><\/h2>\n<p><img decoding=\"async\" loading=\"lazy\" class=\"alignnone size-medium wp-image-2113\" src=\"https:\/\/www.groupito.com\/blog\/wp-content\/uploads\/2019\/03\/Navette-autonome-300x123.png\" alt=\"Navette autonome\" width=\"300\" height=\"123\" srcset=\"https:\/\/www.groupito.com\/blog\/wp-content\/uploads\/2019\/03\/Navette-autonome-300x123.png 300w, https:\/\/www.groupito.com\/blog\/wp-content\/uploads\/2019\/03\/Navette-autonome-690x286.png 690w, https:\/\/www.groupito.com\/blog\/wp-content\/uploads\/2019\/03\/Navette-autonome-636x260.png 636w, https:\/\/www.groupito.com\/blog\/wp-content\/uploads\/2019\/03\/Navette-autonome.png 700w\" sizes=\"(max-width: 300px) 100vw, 300px\" \/><\/p>\n<p>D\u00e9sormais, le monde va encore plus loin en cr\u00e9ant <strong>les navettes autonomes<\/strong>, ces v\u00e9hicules sont en mesure de se d\u00e9placer sur un parcours de 4 kilom\u00e8tres. \u00c9quip\u00e9s de diff\u00e9rents capteurs, ils roulent jusqu\u2019\u00e0 20 km\/h, d\u00e9tectent les obstacles et transportent jusqu\u2019\u00e0 15 personnes.<\/p>\n<p>Aujourd\u2019hui, il est tr\u00e8s courant que des clients nous demandent de <strong>louer des bus \u00e9lectriques<\/strong>, voir que ce soit une <span id=\"spans0e0\" class=\"ac\">de leurs motivations principales<\/span><span style=\"display: inline !important; float: none; background-color: #ffffff; color: #32485f; font-family: 'Montserrat',Arial,sans serif; font-size: 14px; font-style: normal; font-variant: normal; font-weight: 400; letter-spacing: normal; line-height: 20px; orphans: 2; text-align: left; text-decoration: none; text-indent: 0px; text-transform: none; -webkit-text-stroke-width: 0px; white-space: normal; word-spacing: 0px;\">.<\/span> Cependant, malgr\u00e9 des avanc\u00e9s rapides et des m\u00e9dias \u00e0 l\u2019aff\u00fbt du sujet, cela ne veut pas n\u00e9cessairement dire que ce syst\u00e8me est profond\u00e9ment <span id=\"spans1e0\" class=\"ac\">ancr\u00e9<\/span> dans notre soci\u00e9t\u00e9. Ce projet est encore en phase de test et de d\u00e9veloppement, il est donc imp\u00e9ratif de garder en t\u00eate que pour le moment, presque aucun transporteur peut vous proposer ce service pour les diff\u00e9rentes raisons cit\u00e9es pr\u00e9c\u00e9demment.<\/p>\n<p>Source : Le nouvel economiste.fr :\u00a0<span style=\"margin: 0px; color: #333333; font-family: 'Georgia',serif;\">\u00a0<a href=\"https:\/\/www.lenouveleconomiste.fr\/lesdossiers\/les-bus-electriques-16110\/\">https:\/\/www.lenouveleconomiste.fr\/lesdossiers\/les-bus-electriques-16110\/<\/a><\/span><\/p>\n<p><strong>En compl\u00e9ment :<\/strong><br \/>\nPour explorer d&rsquo;autres technologies dans le domaine des transports, consultez notre article sur <a href=\"https:\/\/www.groupito.com\/blog\/la-minute-groupito\/peut-on-faire-rouler-un-bus-avec-des-excrements\/\">l\u2019utilisation des excr\u00e9ments comme carburant pour les bus<\/a>. Si vous \u00eates curieux des innovations \u00e9cologiques, lisez notre guide sur <a href=\"https:\/\/www.groupito.com\/blog\/la-minute-groupito\/est-ce-quun-autocar-ca-pollue\/\">la pollution g\u00e9n\u00e9r\u00e9e par les autocars<\/a>. Enfin, pour un aper\u00e7u des v\u00e9hicules de demain, d\u00e9couvrez notre article sur <a href=\"https:\/\/www.groupito.com\/blog\/la-minute-groupito\/a-quoi-ressemblera-la-voiture-de-demain\/\">la voiture du futur<\/a>.<\/p>\n<p>&nbsp;<\/p>\n<h2 class=\"cprp_section_title\">Vous aimerez ces autres articles :)<\/h2><div class=\"cprp_items list \"><ul><li><div class=\"cprp_data\"><div class=\"cprp_title\"><a href=\"https:\/\/www.groupito.com\/blog\/la-minute-groupito\/est-ce-quun-autocar-ca-pollue\/\" title=\"Est-ce qu&#039;un autocar \u00e7a pollue ?\">Est-ce qu'un autocar \u00e7a pollue ?<\/a><\/div><\/div><\/li><li><div class=\"cprp_data\"><div class=\"cprp_title\"><a href=\"https:\/\/www.groupito.com\/blog\/la-minute-groupito\/quelle-est-la-difference-entre-un-bus-et-minibus\/\" title=\"Quelle est la diff\u00e9rence entre un bus et minibus ?\">Quelle est la diff\u00e9rence entre un bus et minibus ?<\/a><\/div><\/div><\/li><li><div class=\"cprp_data\"><div class=\"cprp_title\"><a href=\"https:\/\/www.groupito.com\/blog\/la-minute-groupito\/existe-t-il-des-autocars-electriques\/\" title=\"Existe-t-il des autocars \u00e9lectriques ?\">Existe-t-il des autocars \u00e9lectriques ?<\/a><\/div><\/div><\/li><li><div class=\"cprp_data\"><div class=\"cprp_title\"><a href=\"https:\/\/www.groupito.com\/blog\/la-minute-groupito\/a-quel-age-peut-on-conduire-un-bus\/\" title=\"A quel \u00e2ge peut-on conduire un bus ?\">A quel \u00e2ge peut-on conduire un bus ?<\/a><\/div><\/div><\/li><li><div class=\"cprp_data\"><div class=\"cprp_title\"><a href=\"https:\/\/www.groupito.com\/blog\/la-minute-groupito\/comment-sont-calcules-les-prix-des-locations-de-bus\/\" title=\"Comment sont calcul\u00e9s les prix des locations de bus ?\">Comment sont calcul\u00e9s les prix des locations de bus ?<\/a><\/div><\/div><\/li><li><div class=\"cprp_data\"><div class=\"cprp_title\"><a href=\"https:\/\/www.groupito.com\/blog\/la-minute-groupito\/bus-insolites-hors-du-commun\/\" title=\"Les bus les plus insolites et hors du commun\">Les bus les plus insolites et hors du commun<\/a><\/div><\/div><\/li><li><div class=\"cprp_data\"><div class=\"cprp_title\"><a href=\"https:\/\/www.groupito.com\/blog\/la-minute-groupito\/quelle-est-la-meilleure-place-dans-un-bus\/\" title=\"Quelle est la meilleure place dans un bus ?\">Quelle est la meilleure place dans un bus ?<\/a><\/div><\/div><\/li><li><div class=\"cprp_data\"><div class=\"cprp_title\"><a href=\"https:\/\/www.groupito.com\/blog\/la-minute-groupito\/peut-on-dormir-dans-un-car-couchettes-pendant-quil-roule\/\" title=\"Peut-on dormir dans un car couchettes pendant qu&#039;il roule ?\">Peut-on dormir dans un car couchettes pendant qu'il roule ?<\/a><\/div><\/div><\/li><li><div class=\"cprp_data\"><div class=\"cprp_title\"><a href=\"https:\/\/www.groupito.com\/blog\/la-minute-groupito\/quest-ce-quun-tour-bus\/\" title=\"Qu&#039;est-ce qu&#039;un tour bus ?\">Qu'est-ce qu'un tour bus ?<\/a><\/div><\/div><\/li><li><div class=\"cprp_data\"><div class=\"cprp_title\"><a href=\"https:\/\/www.groupito.com\/blog\/la-minute-groupito\/quelles-sont-les-principales-caracteristiques-dun-autocar\/\" title=\"Les principales caract\u00e9ristiques techniques d\u2019un autocar\">Les principales caract\u00e9ristiques techniques d\u2019un autocar<\/a><\/div><\/div><\/li><\/ul><\/div><div style=\"clear:both;\"><\/div>","protected":false},"excerpt":{"rendered":"<p>Dans une aire o\u00f9 le monde va mal, o\u00f9 la pollution fait rage et o\u00f9 la peur s\u2019intensifie. Il est temps de prendre des d\u00e9cisions et d\u2019int\u00e9grer certaines habitudes \u00e9cologiques dans nos vies. Cela peut \u00eatre tr\u00e8s simple, comme avoir un sac en tissu avec soi pour \u00e9viter les sacs en plastique, ne plus acheter de bouteilles mais boire dans des gourdes, faire le tri s\u00e9lectif, faire les petits trajets individuels en v\u00e9lo\u2026 Alors oui \u00e7a para\u00eet simple. Le plus&#8230;<\/p>\n","protected":false},"author":1,"featured_media":2110,"comment_status":"closed","ping_status":"open","sticky":false,"template":"","format":"standard","meta":{"om_disable_all_campaigns":false},"categories":[64],"tags":[82],"aioseo_notices":[],"_links":{"self":[{"href":"https:\/\/www.groupito.com\/blog\/wp-json\/wp\/v2\/posts\/2109"}],"collection":[{"href":"https:\/\/www.groupito.com\/blog\/wp-json\/wp\/v2\/posts"}],"about":[{"href":"https:\/\/www.groupito.com\/blog\/wp-json\/wp\/v2\/types\/post"}],"author":[{"embeddable":true,"href":"https:\/\/www.groupito.com\/blog\/wp-json\/wp\/v2\/users\/1"}],"replies":[{"embeddable":true,"href":"https:\/\/www.groupito.com\/blog\/wp-json\/wp\/v2\/comments?post=2109"}],"version-history":[{"count":15,"href":"https:\/\/www.groupito.com\/blog\/wp-json\/wp\/v2\/posts\/2109\/revisions"}],"predecessor-version":[{"id":6041,"href":"https:\/\/www.groupito.com\/blog\/wp-json\/wp\/v2\/posts\/2109\/revisions\/6041"}],"wp:featuredmedia":[{"embeddable":true,"href":"https:\/\/www.groupito.com\/blog\/wp-json\/wp\/v2\/media\/2110"}],"wp:attachment":[{"href":"https:\/\/www.groupito.com\/blog\/wp-json\/wp\/v2\/media?parent=2109"}],"wp:term":[{"taxonomy":"category","embeddable":true,"href":"https:\/\/www.groupito.com\/blog\/wp-json\/wp\/v2\/categories?post=2109"},{"taxonomy":"post_tag","embeddable":true,"href":"https:\/\/www.groupito.com\/blog\/wp-json\/wp\/v2\/tags?post=2109"}],"curies":[{"name":"wp","href":"https:\/\/api.w.org\/{rel}","templated":true}]}}