{"id":2907,"date":"2019-10-31T16:52:41","date_gmt":"2019-10-31T15:52:41","guid":{"rendered":"https:\/\/www.groupito.com\/blog\/?p=2907"},"modified":"2025-02-20T17:16:48","modified_gmt":"2025-02-20T16:16:48","slug":"existe-t-il-des-autocars-electriques","status":"publish","type":"post","link":"https:\/\/www.groupito.com\/blog\/la-minute-groupito\/existe-t-il-des-autocars-electriques\/","title":{"rendered":"Existe-t-il des autocars \u00e9lectriques ?"},"content":{"rendered":"<p><span style=\"font-weight: 400;\">A l\u2019\u00e8re des voitures \u00e9lectriques, et \u00e0 la guerre contre le diesel, la Minute Groupito r\u00e9pond \u00e0 la question \u00ab <strong>Existe-t-il des autocars \u00e9lectriques ?<\/strong> \u00bb.<\/span><\/p>\n<p><span style=\"font-weight: 400;\"><strong>L\u2019id\u00e9e des bus \u00e9lectriques<\/strong> ne date pas d\u2019hier, elle d\u00e9j\u00e0 \u00e9tait pr\u00e9sent\u00e9e par l\u2019inventeur Thomas Edison d\u00e8s 1915, m\u00eame si l\u2019id\u00e9e resta sans suite.<\/span><span style=\"font-weight: 400;\"><br \/>\n<\/span><span style=\"font-weight: 400;\">Avant que ce mode de transport tombe un peu en d\u00e9su\u00e9tude, de nombreuses villes ont aussi \u00e9t\u00e9 \u00e9quip\u00e9es de \u201ctrolleybus\u201d qui est un <strong>v\u00e9hicule \u00e9lectrique<\/strong> de transport en commun propuls\u00e9 par un moteur \u00e9lectrique. Son courant lui est fourni par deux cat\u00e9naires qui ne sont pas esth\u00e9tiques en pleine ville.<\/span><span style=\"font-weight: 400;\"><br \/>\n<\/span><span style=\"font-weight: 400;\"><br \/>\n<\/span><\/p>\n<p><span style=\"font-weight: 400;\"><strong><img decoding=\"async\" loading=\"lazy\" class=\"alignnone size-medium wp-image-2977\" src=\"https:\/\/www.groupito.com\/blog\/wp-content\/uploads\/2019\/10\/andrew-roberts-2JvEjF0tf50-unsplash-300x200.jpg\" alt=\"\" width=\"300\" height=\"200\" srcset=\"https:\/\/www.groupito.com\/blog\/wp-content\/uploads\/2019\/10\/andrew-roberts-2JvEjF0tf50-unsplash-300x200.jpg 300w, https:\/\/www.groupito.com\/blog\/wp-content\/uploads\/2019\/10\/andrew-roberts-2JvEjF0tf50-unsplash-768x512.jpg 768w, https:\/\/www.groupito.com\/blog\/wp-content\/uploads\/2019\/10\/andrew-roberts-2JvEjF0tf50-unsplash-1024x683.jpg 1024w, https:\/\/www.groupito.com\/blog\/wp-content\/uploads\/2019\/10\/andrew-roberts-2JvEjF0tf50-unsplash-690x460.jpg 690w, https:\/\/www.groupito.com\/blog\/wp-content\/uploads\/2019\/10\/andrew-roberts-2JvEjF0tf50-unsplash-390x260.jpg 390w\" sizes=\"(max-width: 300px) 100vw, 300px\" \/><\/strong><\/span><\/p>\n<p><span style=\"font-weight: 400;\"><strong>Le bus \u00e9lectrique fait son grand retour<\/strong> dans les ann\u00e9es 90, avec une batterie cette fois-ci afin de proposer une utilisation plus simple et autonome.<\/span><span style=\"font-weight: 400;\"><br \/>\n<\/span><span style=\"font-weight: 400;\">Depuis quelques ann\u00e9es, les bus \u00e9lectriques se d\u00e9veloppent rapidement, notamment dans les grandes villes o\u00f9 la pollution atmosph\u00e9rique et la pollution sonore sont de grands enjeux. Ainsi la RATP \u00e0 en avril 2019 pass\u00e9e une commande gigantesque de 400 M\u20ac pour acheter 800 <\/span><a href=\"https:\/\/www.groupito.com\/blog\/evenements\/reservation-et-circulation-des-autocars-vtc-et-taxi-pendant-les-jo-paris-2024-guide-complet-et-conseils\/\" target=\"_blank\" rel=\"noopener noreferrer\">bus \u00e9lectriques qui vont circuler en \u00eele de France<\/a>.<\/p>\n<p><span style=\"font-weight: 400;\">Contrairement au bus, le d\u00e9veloppement des <strong>autocars \u00e9lectriques<\/strong> qui font des longues distances hors agglom\u00e9ration reste encore aujourd\u2019hui limit\u00e9. En effet, il en existe encore peu en circulation car l\u2019autonomie pour un <strong>autocar \u00e9lectrique<\/strong> est seulement de 200 km contre 500 km pour une voiture \u00e9lectrique. Cette autonomie n\u2019est pas encore suffisante pour permettre aux <a href=\"https:\/\/www.groupito.com\/articles\/location-autocar-avec-chauffeur\">autocars avec chauffeur<\/a> de rouler plusieurs heures sans besoin de recharger. Ce qui bloque aussi le d\u00e9veloppement des autocars \u00e9lectriques c\u2019est la grande raret\u00e9 pour le moment des bornes rechargeables.\u00a0<\/span><span style=\"font-weight: 400;\">De plus, la batterie \u00e9lectrique prend beaucoup de place, au d\u00e9triment du confort des passagers (moins de places pour les bagages ou m\u00eame absence de toilettes).<\/span><\/p>\n<p><span style=\"font-weight: 400;\">Lien : Le Parisien -\u00ab\u00a0<\/span><a href=\"http:\/\/www.leparisien.fr\/info-paris-ile-de-france-oise\/transports\/ile-de-france-la-ratp-achete-800-bus-electriques-a-heuliez-bollore-et-alstom-09-04-2019-8049489.php\">Ile-de-France : la RATP ach\u00e8te 800 bus \u00e9lectriques \u00e0 Heuliez, Bollor\u00e9 et Alstom<\/a>\u00a0\u00bb<\/p>\n<p><strong>En compl\u00e9ment :<\/strong><br \/>\nPour d\u00e9couvrir d&rsquo;autres innovations \u00e9cologiques, explorez \u00e9galement notre article sur <a href=\"https:\/\/www.groupito.com\/blog\/la-minute-groupito\/peut-on-faire-rouler-un-bus-avec-des-excrements\/\">les bus aliment\u00e9s par des excr\u00e9ments<\/a>. Si vous souhaitez en savoir plus sur la gestion de la fin de vie des v\u00e9hicules, lisez notre article sur <a href=\"https:\/\/www.groupito.com\/blog\/la-minute-groupito\/que-deviennent-les-autocars-en-fin-de-vie\/\">le recyclage des autocars en fin de vie<\/a>. Pour un aper\u00e7u des bus modernes et \u00e9lectriques, d\u00e9couvrez notre article sur <a href=\"https:\/\/www.groupito.com\/blog\/la-minute-groupito\/combien-de-distance-peut-on-parcourir-en-bus-electrique\/\">les capacit\u00e9s de distance des bus \u00e9lectriques<\/a>.<\/p>\n<p>&nbsp;<\/p>\n<h2 class=\"cprp_section_title\">Vous aimerez ces autres articles :)<\/h2><div class=\"cprp_items list \"><ul><li><div class=\"cprp_data\"><div class=\"cprp_title\"><a href=\"https:\/\/www.groupito.com\/blog\/la-minute-groupito\/bus-insolites-hors-du-commun\/\" title=\"Les bus les plus insolites et hors du commun\">Les bus les plus insolites et hors du commun<\/a><\/div><\/div><\/li><li><div class=\"cprp_data\"><div class=\"cprp_title\"><a href=\"https:\/\/www.groupito.com\/blog\/la-minute-groupito\/quest-ce-quun-tour-bus\/\" title=\"Qu&#039;est-ce qu&#039;un tour bus ?\">Qu'est-ce qu'un tour bus ?<\/a><\/div><\/div><\/li><li><div class=\"cprp_data\"><div class=\"cprp_title\"><a href=\"https:\/\/www.groupito.com\/blog\/la-minute-groupito\/comment-fonctionnent-les-toilettes-des-autocars\/\" title=\"Comment fonctionnent les toilettes des autocars ?\">Comment fonctionnent les toilettes des autocars ?<\/a><\/div><\/div><\/li><li><div class=\"cprp_data\"><div class=\"cprp_title\"><a href=\"https:\/\/www.groupito.com\/blog\/la-minute-groupito\/quelles-sont-les-principales-caracteristiques-dun-autocar\/\" title=\"Les principales caract\u00e9ristiques techniques d\u2019un autocar\">Les principales caract\u00e9ristiques techniques d\u2019un autocar<\/a><\/div><\/div><\/li><li><div class=\"cprp_data\"><div class=\"cprp_title\"><a href=\"https:\/\/www.groupito.com\/blog\/la-minute-groupito\/a-quel-age-peut-on-conduire-un-bus\/\" title=\"A quel \u00e2ge peut-on conduire un bus ?\">A quel \u00e2ge peut-on conduire un bus ?<\/a><\/div><\/div><\/li><li><div class=\"cprp_data\"><div class=\"cprp_title\"><a href=\"https:\/\/www.groupito.com\/blog\/la-minute-groupito\/a-quoi-servent-les-marteaux-brise-vitres-dans-les-autocars\/\" title=\"A quoi servent les marteaux brise-vitres dans les autocars ?\">A quoi servent les marteaux brise-vitres dans les autocars ?<\/a><\/div><\/div><\/li><li><div class=\"cprp_data\"><div class=\"cprp_title\"><a href=\"https:\/\/www.groupito.com\/blog\/la-minute-groupito\/comment-sont-calcules-les-prix-des-locations-de-bus\/\" title=\"Comment sont calcul\u00e9s les prix des locations de bus ?\">Comment sont calcul\u00e9s les prix des locations de bus ?<\/a><\/div><\/div><\/li><li><div class=\"cprp_data\"><div class=\"cprp_title\"><a href=\"https:\/\/www.groupito.com\/blog\/la-minute-groupito\/quelle-est-la-meilleure-place-dans-un-bus\/\" title=\"Quelle est la meilleure place dans un bus ?\">Quelle est la meilleure place dans un bus ?<\/a><\/div><\/div><\/li><li><div class=\"cprp_data\"><div class=\"cprp_title\"><a href=\"https:\/\/www.groupito.com\/blog\/la-minute-groupito\/quel-type-de-voiture-peut-utiliser-un-vtc\/\" title=\"Quel type de voiture peut utiliser un VTC ?\">Quel type de voiture peut utiliser un VTC ?<\/a><\/div><\/div><\/li><li><div class=\"cprp_data\"><div class=\"cprp_title\"><a href=\"https:\/\/www.groupito.com\/blog\/la-minute-groupito\/quelle-est-la-difference-entre-un-bus-et-minibus\/\" title=\"Quelle est la diff\u00e9rence entre un bus et minibus ?\">Quelle est la diff\u00e9rence entre un bus et minibus ?<\/a><\/div><\/div><\/li><\/ul><\/div><div style=\"clear:both;\"><\/div>","protected":false},"excerpt":{"rendered":"<p>A l\u2019\u00e8re des voitures \u00e9lectriques, et \u00e0 la guerre contre le diesel, la Minute Groupito r\u00e9pond \u00e0 la question \u00ab Existe-t-il des autocars \u00e9lectriques ? \u00bb. L\u2019id\u00e9e des bus \u00e9lectriques ne date pas d\u2019hier, elle d\u00e9j\u00e0 \u00e9tait pr\u00e9sent\u00e9e par l\u2019inventeur Thomas Edison d\u00e8s 1915, m\u00eame si l\u2019id\u00e9e resta sans suite. Avant que ce mode de transport tombe un peu en d\u00e9su\u00e9tude, de nombreuses villes ont aussi \u00e9t\u00e9 \u00e9quip\u00e9es de \u201ctrolleybus\u201d qui est un v\u00e9hicule \u00e9lectrique de transport en commun propuls\u00e9&#8230;<\/p>\n","protected":false},"author":1,"featured_media":2979,"comment_status":"closed","ping_status":"open","sticky":false,"template":"","format":"standard","meta":{"om_disable_all_campaigns":false},"categories":[64],"tags":[],"aioseo_notices":[],"_links":{"self":[{"href":"https:\/\/www.groupito.com\/blog\/wp-json\/wp\/v2\/posts\/2907"}],"collection":[{"href":"https:\/\/www.groupito.com\/blog\/wp-json\/wp\/v2\/posts"}],"about":[{"href":"https:\/\/www.groupito.com\/blog\/wp-json\/wp\/v2\/types\/post"}],"author":[{"embeddable":true,"href":"https:\/\/www.groupito.com\/blog\/wp-json\/wp\/v2\/users\/1"}],"replies":[{"embeddable":true,"href":"https:\/\/www.groupito.com\/blog\/wp-json\/wp\/v2\/comments?post=2907"}],"version-history":[{"count":10,"href":"https:\/\/www.groupito.com\/blog\/wp-json\/wp\/v2\/posts\/2907\/revisions"}],"predecessor-version":[{"id":6020,"href":"https:\/\/www.groupito.com\/blog\/wp-json\/wp\/v2\/posts\/2907\/revisions\/6020"}],"wp:featuredmedia":[{"embeddable":true,"href":"https:\/\/www.groupito.com\/blog\/wp-json\/wp\/v2\/media\/2979"}],"wp:attachment":[{"href":"https:\/\/www.groupito.com\/blog\/wp-json\/wp\/v2\/media?parent=2907"}],"wp:term":[{"taxonomy":"category","embeddable":true,"href":"https:\/\/www.groupito.com\/blog\/wp-json\/wp\/v2\/categories?post=2907"},{"taxonomy":"post_tag","embeddable":true,"href":"https:\/\/www.groupito.com\/blog\/wp-json\/wp\/v2\/tags?post=2907"}],"curies":[{"name":"wp","href":"https:\/\/api.w.org\/{rel}","templated":true}]}}