{"id":3040,"date":"2019-11-28T09:39:13","date_gmt":"2019-11-28T08:39:13","guid":{"rendered":"https:\/\/www.groupito.com\/blog\/?p=3040"},"modified":"2025-12-02T16:07:40","modified_gmt":"2025-12-02T15:07:40","slug":"existe-til-des-vtc-qui-roulent-en-tesla","status":"publish","type":"post","link":"https:\/\/www.groupito.com\/blog\/la-minute-groupito\/existe-til-des-vtc-qui-roulent-en-tesla\/","title":{"rendered":"Existe-t\u2019il des VTC qui roulent en Tesla ?"},"content":{"rendered":"<p><span style=\"font-weight: 400;\">Cela fait d\u00e9j\u00e0 plusieurs ann\u00e9es que la marque <strong>Tesla<\/strong>, pr\u00e9sid\u00e9e par le m\u00e9diatique Elon Musk, fait parler d\u2019elle avec ses mod\u00e8les tr\u00e8s haut de gamme. La marque de voiture \u00e9lectrique commence \u00e0 faire sa place dans une niche (voiture + \u00e9lectrique + luxe) du paysage automobile mondial mais \u00e9galement fran\u00e7ais.\u00a0<\/span><\/p>\n<p><span style=\"font-weight: 400;\">M\u00eame si Tesla ne propose pas des produits accessibles \u00e0 tous (le mod\u00e8le le moins cher co\u00fbte pr\u00e8s de 42 000\u20ac), on peut se demander si les professionnels du transport sont pr\u00eats \u00e0 se lancer dans l\u2019\u00e9lectrique avec des mod\u00e8les premiums !<\/span><span style=\"font-weight: 400;\"><br \/>\n<\/span><span style=\"font-weight: 400;\">Existe-t\u2019il des VTC qui roulent en Tesla ? Et oui, ils sont tr\u00e8s peu en France, mais certains ont franchi le pas visiblement avec bonheur.\u00a0<\/span><\/p>\n<p><img decoding=\"async\" loading=\"lazy\" class=\"alignnone wp-image-3041 size-medium\" src=\"https:\/\/www.groupito.com\/blog\/wp-content\/uploads\/2019\/11\/bram-van-oost-gAg4mJ0f3r0-unsplash-300x200.jpg\" alt=\"\" width=\"300\" height=\"200\" srcset=\"https:\/\/www.groupito.com\/blog\/wp-content\/uploads\/2019\/11\/bram-van-oost-gAg4mJ0f3r0-unsplash-300x200.jpg 300w, https:\/\/www.groupito.com\/blog\/wp-content\/uploads\/2019\/11\/bram-van-oost-gAg4mJ0f3r0-unsplash-768x512.jpg 768w, https:\/\/www.groupito.com\/blog\/wp-content\/uploads\/2019\/11\/bram-van-oost-gAg4mJ0f3r0-unsplash-1024x683.jpg 1024w, https:\/\/www.groupito.com\/blog\/wp-content\/uploads\/2019\/11\/bram-van-oost-gAg4mJ0f3r0-unsplash-690x460.jpg 690w, https:\/\/www.groupito.com\/blog\/wp-content\/uploads\/2019\/11\/bram-van-oost-gAg4mJ0f3r0-unsplash-390x260.jpg 390w\" sizes=\"(max-width: 300px) 100vw, 300px\" \/><\/p>\n<p><span style=\"font-weight: 400;\">Un ancien chauffeur de taxi situ\u00e9 dans le Sud, s\u2019est reconverti en VTC et propose la <a href=\"https:\/\/www.groupito.com\/articles\/location-voiture-chauffeur\">location avec chauffeur<\/a> pour proposer ses services \u00e0 bord de sa Tesla mod\u00e8le S. Apr\u00e8s 4 ann\u00e9es d\u2019utilisation le bilan est plut\u00f4t positif. D\u2019apr\u00e8s lui, malgr\u00e9 le co\u00fbt \u00e9lev\u00e9 de la Tesla, le chauffeur pourra rapidement rentabiliser son investissement gr\u00e2ce \u00e0 l\u2019\u00e9conomie impressionnante de carburant chaque mois (environ 750\u20ac d\u2019essence par mois avec son ancien v\u00e9hicule thermique). Acheter une <strong>voiture haut de gamme,<\/strong> a permit \u00e9galement au chauffeur VTC de pouvoir augmenter<strong> le prix de ses prestations<\/strong>, mettre l\u2019accent sur <strong>l\u2019aspect \u00e9cologique<\/strong> et de se diff\u00e9rencier de la concurrence. En revanche les Tesla ne sont pas adapt\u00e9s aux <a href=\"https:\/\/www.groupito.com\/articles\/taxi-longue-distance\">VTC sp\u00e9cialis\u00e9es longues distances<\/a> qui veulent souvent des <a href=\"https:\/\/www.groupito.com\/articles\/taxi-van-vtc\">v\u00e9hicules de type van<\/a>\u00a0avec une grande capacit\u00e9 de transport.<\/span><\/p>\n<p><span style=\"font-weight: 400;\">On pourrait se demander, si l\u2019usure de la batterie pourrait diminuer les performances de la voiture. Le VTC assure que malgr\u00e9 une tr\u00e8s forte utilisation de son v\u00e9hicule, la batterie de la Tesla n\u2019a perdu que 55 kilom\u00e8tres d\u2019autonomie.<\/span><\/p>\n<p><span style=\"font-weight: 400;\">Un autre chauffeur VTC situ\u00e9 \u00e0 Lyon, s\u2019est laiss\u00e9 tenter par ce v\u00e9hicule atypique. Kurt le chauffeur, a r\u00e9cemment acquis le mod\u00e8le 3 de la marque Tesla. Il semble tr\u00e8s convaincu de son achat, car celle-ci lui offre une v\u00e9ritable \u00e9conomie financi\u00e8re ainsi qu\u2019une meilleure visibilit\u00e9 et notori\u00e9t\u00e9 aupr\u00e8s de ses clients. Il est \u00e9galement tr\u00e8s satisfait des multiples fonctionnalit\u00e9s que poss\u00e8de <strong>Tesla<\/strong> comme les nombreux radars, la possibilit\u00e9 de t\u00e9l\u00e9commander via son t\u00e9l\u00e9phone pour garer sa voiture\u2026 De plus, il reconna\u00eet que la SAV de la marque est tr\u00e8s performant et \u00e0 l\u2019\u00e9coute.<\/span><\/p>\n<p><strong>Sources :<\/strong><\/p>\n<ul>\n<li><a href=\"https:\/\/www.numerama.com\/tech\/529581-la-tesla-model-3-un-vehicule-utilisable-par-un-vtc.html\">Numerama : La Tesla Model 3, un v\u00e9hicule utilisable par un VTC<\/a><\/li>\n<li><a href=\"https:\/\/www.automobile-propre.com\/ce-chauffeur-vtc-en-tesla-model-s-a-depasse-les-300-000-km\/\">Automobile Propre : Ce chauffeur VTC en Tesla Model S a d\u00e9pass\u00e9 les 300 000 km<\/a><\/li>\n<\/ul>\n<p><strong>En compl\u00e9ment :<\/strong><br \/>\nPour en savoir plus sur les innovations dans les transports, explorez \u00e9galement notre article sur <a href=\"https:\/\/www.groupito.com\/blog\/la-minute-groupito\/existe-t-il-des-autocars-electriques\/\">les autocars \u00e9lectriques<\/a>. Si vous \u00eates int\u00e9ress\u00e9 par la carri\u00e8re de chauffeur, consultez notre guide sur <a href=\"https:\/\/www.groupito.com\/blog\/portraits-de-transporteurs\/comment-devenir-chauffeur-de-car\/\">comment devenir chauffeur de car<\/a>. Enfin, pour plus d&rsquo;informations sur l&rsquo;\u00e9cologie dans les transports, d\u00e9couvrez notre article sur <a href=\"https:\/\/www.groupito.com\/blog\/la-minute-groupito\/est-ce-quun-autocar-ca-pollue\/\">l&rsquo;impact des autocars sur l&rsquo;environnement<\/a>.<\/p>\n<p>&nbsp;<\/p>\n<h2 class=\"cprp_section_title\">Vous aimerez ces autres articles :)<\/h2><div class=\"cprp_items list \"><ul><li><div class=\"cprp_data\"><div class=\"cprp_title\"><a href=\"https:\/\/www.groupito.com\/blog\/la-minute-groupito\/quelle-est-la-difference-entre-un-taxi-et-un-vtc\/\" title=\"Quelle est la diff\u00e9rence entre un taxi et un VTC ?\">Quelle est la diff\u00e9rence entre un taxi et un VTC ?<\/a><\/div><\/div><\/li><li><div class=\"cprp_data\"><div class=\"cprp_title\"><a href=\"https:\/\/www.groupito.com\/blog\/la-minute-groupito\/quel-est-le-prix-dune-course-en-taxi\/\" title=\"Quel est le prix d\u2019une course en taxi ?\">Quel est le prix d\u2019une course en taxi ?<\/a><\/div><\/div><\/li><li><div class=\"cprp_data\"><div class=\"cprp_title\"><a href=\"https:\/\/www.groupito.com\/blog\/la-minute-groupito\/combien-coute-une-licence-de-taxi\/\" title=\"Quel est le prix d&#039;une licence de taxi ?\">Quel est le prix d'une licence de taxi ?<\/a><\/div><\/div><\/li><li><div class=\"cprp_data\"><div class=\"cprp_title\"><a href=\"https:\/\/www.groupito.com\/blog\/la-minute-groupito\/combien-gagne-un-chauffeur-de-vtc\/\" title=\"Combien gagne un chauffeur de VTC\u00a0?\">Combien gagne un chauffeur de VTC\u00a0?<\/a><\/div><\/div><\/li><li><div class=\"cprp_data\"><div class=\"cprp_title\"><a href=\"https:\/\/www.groupito.com\/blog\/la-minute-groupito\/a-quoi-ressemblera-la-voiture-de-demain\/\" title=\"A quoi ressemblera la voiture de demain ?\">A quoi ressemblera la voiture de demain ?<\/a><\/div><\/div><\/li><li><div class=\"cprp_data\"><div class=\"cprp_title\"><a href=\"https:\/\/www.groupito.com\/blog\/la-minute-groupito\/quel-type-de-voiture-peut-utiliser-un-vtc\/\" title=\"Quel type de voiture peut utiliser un VTC ?\">Quel type de voiture peut utiliser un VTC ?<\/a><\/div><\/div><\/li><li><div class=\"cprp_data\"><div class=\"cprp_title\"><a href=\"https:\/\/www.groupito.com\/blog\/la-minute-groupito\/combien-gagne-un-conducteur-dautocar\/\" title=\"Combien gagne un conducteur d\u2019autocar ?\">Combien gagne un conducteur d\u2019autocar ?<\/a><\/div><\/div><\/li><li><div class=\"cprp_data\"><div class=\"cprp_title\"><a href=\"https:\/\/www.groupito.com\/blog\/la-minute-groupito\/un-conducteur-de-bus-ou-dautocar-peut-il-boire-de-lalcool\/\" title=\"Un conducteur de bus ou d\u2019autocar peut-il boire de l\u2019alcool ?\">Un conducteur de bus ou d\u2019autocar peut-il boire de l\u2019alcool ?<\/a><\/div><\/div><\/li><li><div class=\"cprp_data\"><div class=\"cprp_title\"><a href=\"https:\/\/www.groupito.com\/blog\/la-minute-groupito\/quest-ce-quun-tour-bus\/\" title=\"Qu&#039;est-ce qu&#039;un tour bus ?\">Qu'est-ce qu'un tour bus ?<\/a><\/div><\/div><\/li><li><div class=\"cprp_data\"><div class=\"cprp_title\"><a href=\"https:\/\/www.groupito.com\/blog\/la-minute-groupito\/quest-ce-que-le-permis-d\/\" title=\"Qu&#039;est ce que le permis D ?\">Qu'est ce que le permis D ?<\/a><\/div><\/div><\/li><\/ul><\/div><div style=\"clear:both;\"><\/div>","protected":false},"excerpt":{"rendered":"<p>Cela fait d\u00e9j\u00e0 plusieurs ann\u00e9es que la marque Tesla, pr\u00e9sid\u00e9e par le m\u00e9diatique Elon Musk, fait parler d\u2019elle avec ses mod\u00e8les tr\u00e8s haut de gamme. La marque de voiture \u00e9lectrique commence \u00e0 faire sa place dans une niche (voiture + \u00e9lectrique + luxe) du paysage automobile mondial mais \u00e9galement fran\u00e7ais.\u00a0 M\u00eame si Tesla ne propose pas des produits accessibles \u00e0 tous (le mod\u00e8le le moins cher co\u00fbte pr\u00e8s de 42 000\u20ac), on peut se demander si les professionnels du transport&#8230;<\/p>\n","protected":false},"author":1,"featured_media":3043,"comment_status":"closed","ping_status":"open","sticky":false,"template":"","format":"standard","meta":{"om_disable_all_campaigns":false},"categories":[64],"tags":[254],"aioseo_notices":[],"_links":{"self":[{"href":"https:\/\/www.groupito.com\/blog\/wp-json\/wp\/v2\/posts\/3040"}],"collection":[{"href":"https:\/\/www.groupito.com\/blog\/wp-json\/wp\/v2\/posts"}],"about":[{"href":"https:\/\/www.groupito.com\/blog\/wp-json\/wp\/v2\/types\/post"}],"author":[{"embeddable":true,"href":"https:\/\/www.groupito.com\/blog\/wp-json\/wp\/v2\/users\/1"}],"replies":[{"embeddable":true,"href":"https:\/\/www.groupito.com\/blog\/wp-json\/wp\/v2\/comments?post=3040"}],"version-history":[{"count":10,"href":"https:\/\/www.groupito.com\/blog\/wp-json\/wp\/v2\/posts\/3040\/revisions"}],"predecessor-version":[{"id":6204,"href":"https:\/\/www.groupito.com\/blog\/wp-json\/wp\/v2\/posts\/3040\/revisions\/6204"}],"wp:featuredmedia":[{"embeddable":true,"href":"https:\/\/www.groupito.com\/blog\/wp-json\/wp\/v2\/media\/3043"}],"wp:attachment":[{"href":"https:\/\/www.groupito.com\/blog\/wp-json\/wp\/v2\/media?parent=3040"}],"wp:term":[{"taxonomy":"category","embeddable":true,"href":"https:\/\/www.groupito.com\/blog\/wp-json\/wp\/v2\/categories?post=3040"},{"taxonomy":"post_tag","embeddable":true,"href":"https:\/\/www.groupito.com\/blog\/wp-json\/wp\/v2\/tags?post=3040"}],"curies":[{"name":"wp","href":"https:\/\/api.w.org\/{rel}","templated":true}]}}