{"id":3271,"date":"2026-01-14T11:19:38","date_gmt":"2026-01-14T10:19:38","guid":{"rendered":"https:\/\/www.groupito.com\/blog\/?p=3271"},"modified":"2026-01-14T18:32:22","modified_gmt":"2026-01-14T17:32:22","slug":"les-ceintures-de-securite-sont-elles-obligatoires-dans-un-autocar","status":"publish","type":"post","link":"https:\/\/www.groupito.com\/blog\/la-minute-groupito\/les-ceintures-de-securite-sont-elles-obligatoires-dans-un-autocar\/","title":{"rendered":"Les ceintures de s\u00e9curit\u00e9 sont-elles obligatoires dans un autocar ?"},"content":{"rendered":"<p>La ceinture de s\u00e9curit\u00e9 dans le bus, vous la mettez ou pas ? Soyons honn\u00eates, beaucoup d&rsquo;entre nous ne pensent m\u00eame pas \u00e0 l&rsquo;attacher quand ils montent dans un autocar. Pourtant, la loi est claire sur le sujet. Aujourd&rsquo;hui, on fait le point sur cette question qui concerne tous les voyageurs : les ceintures de s\u00e9curit\u00e9 dans les autocars sont-elles vraiment obligatoires ?<\/p>\n<h2>La ceinture de s\u00e9curit\u00e9 : une question de vie ou de mort<\/h2>\n<p>On le sait depuis des d\u00e9cennies : la ceinture de s\u00e9curit\u00e9 en voiture <strong>sauve des milliers de vies<\/strong> chaque ann\u00e9e. Le gouvernement le rappelait d&rsquo;ailleurs dans sa derni\u00e8re campagne \u00ab Attachons-nous \u00e0 rester vivants \u00bb :<\/p>\n<blockquote><p>Au cours d&rsquo;un choc \u00e0 50 km\/h, la pouss\u00e9e est telle qu&rsquo;un enfant de 20 kg se transforme en un projectile d&rsquo;une demi-tonne s&rsquo;il n&rsquo;est pas attach\u00e9. Mettre sa ceinture, c&rsquo;est se prot\u00e9ger et prot\u00e9ger les autres.<\/p><\/blockquote>\n<p><img decoding=\"async\" loading=\"lazy\" src=\"https:\/\/www.groupito.com\/blog\/wp-content\/uploads\/2020\/01\/therese-mikkelsen-skaar-FLperq0WSgY-unsplash-300x200.jpg\" alt=\"Passager attachant sa ceinture de s\u00e9curit\u00e9 dans un v\u00e9hicule\" width=\"300\" height=\"200\" \/><\/p>\n<p>En 2024, environ 3 193 personnes ont perdu la vie sur les routes de France. Le port d&rsquo;une ceinture lors d&rsquo;un accident, que ce soit en voiture ou en autocar, change compl\u00e8tement la donne. Et pourtant, les chiffres montrent qu&rsquo;en 2024, pr\u00e8s de 21% des personnes d\u00e9c\u00e9d\u00e9es dans un v\u00e9hicule \u00e9quip\u00e9 de ceintures ne les avaient pas attach\u00e9es.<\/p>\n<h2>Depuis quand les ceintures sont-elles obligatoires dans les autocars ?<\/h2>\n<p>Autrefois, les ceintures n&rsquo;\u00e9taient pas obligatoires dans les <a href=\"https:\/\/www.groupito.com\/blog\/la-minute-groupito\/qui-a-invente-lautobus\/\">autobus<\/a>. Mais tout a chang\u00e9 avec un d\u00e9cret de 2003. \u00c0 partir de cette date, le port de la ceinture est devenu <strong>obligatoire dans tous les v\u00e9hicules de transport en commun \u00e9quip\u00e9s de ceintures<\/strong>.<\/p>\n<p>Le probl\u00e8me ? Certains autocars continuaient \u00e0 circuler sans \u00eatre \u00e9quip\u00e9s de ces dispositifs de s\u00e9curit\u00e9. Ils n&rsquo;\u00e9taient donc pas oblig\u00e9s de faire des travaux pour en installer. Mais depuis le <strong>1er septembre 2015<\/strong>, les choses sont devenues tr\u00e8s claires : tous les autocars doivent obligatoirement poss\u00e9der des ceintures de s\u00e9curit\u00e9. Cette r\u00e8gle vaut pour les passagers comme pour le conducteur. Plus aucune exception possible.<\/p>\n<h3>Le saviez-vous ?<\/h3>\n<p>Le port de la ceinture de s\u00e9curit\u00e9 est <strong>obligatoire pour tous<\/strong>, y compris pour les enfants et les femmes enceintes. La seule vraie excuse qui tient la route ? Un <strong>certificat m\u00e9dical<\/strong> d\u00e9livr\u00e9 par un m\u00e9decin agr\u00e9\u00e9 par la pr\u00e9fecture, qui explique pourquoi vous ne pouvez physiquement pas la porter (morphologie incompatible, pathologie particuli\u00e8re, etc.).<\/p>\n<h2>Une obligation d&rsquo;informer les passagers<\/h2>\n<p>Ce n&rsquo;est pas tout ! Non seulement vous devez attacher votre ceinture, mais les transporteurs ont aussi une obligation l\u00e9gale : ils doivent <strong>informer clairement les passagers<\/strong> de l&rsquo;obligation de s&rsquo;attacher. Comment ? Gr\u00e2ce \u00e0 des panneaux visibles, des annonces du conducteur au micro, ou des vid\u00e9os de pr\u00e9vention diffus\u00e9es avant le d\u00e9part.<\/p>\n<p><img decoding=\"async\" loading=\"lazy\" src=\"https:\/\/cdn.pixabay.com\/photo\/2020\/09\/21\/11\/41\/bus-5589826_1280.jpg\" alt=\"Int\u00e9rieur d'un autocar moderne avec si\u00e8ges \u00e9quip\u00e9s de ceintures de s\u00e9curit\u00e9\" width=\"1280\" height=\"853\" \/><\/p>\n<p>Et attention : si vous ne bouclez pas votre ceinture de s\u00e9curit\u00e9 en tant que passager, vous risquez une <strong>amende de 135 \u20ac<\/strong>. Cette contravention doit \u00eatre pay\u00e9e sous 30 jours, sinon elle grimpe \u00e0 375 \u20ac. Ce n&rsquo;est plus le conducteur qui prend l&rsquo;amende (comme c&rsquo;\u00e9tait le cas dans le pass\u00e9), mais bien le passager lui-m\u00eame qui est responsable.<\/p>\n<h2>Pourtant, peu de gens l&rsquo;attachent vraiment<\/h2>\n<p>Voil\u00e0 le paradoxe : malgr\u00e9 cette obligation l\u00e9gale et le risque d&rsquo;amende, <strong>tr\u00e8s peu de personnes \u00e0 bord des autocars<\/strong> prennent la peine d&rsquo;attacher leur ceinture. Selon les statistiques de la s\u00e9curit\u00e9 routi\u00e8re, en 2024, pr\u00e8s de 21% des victimes d&rsquo;accidents n&rsquo;avaient pas boucl\u00e9 leur ceinture, m\u00eame lors d&rsquo;une <a href=\"https:\/\/www.groupito.com\/articles\/location-autocar-avec-chauffeur\">location autocar<\/a> pour un voyage en groupe.<\/p>\n<p>Les plus jeunes sont particuli\u00e8rement concern\u00e9s : ils sont ceux qui s&rsquo;attachent le moins. Cette n\u00e9gligence peut avoir des cons\u00e9quences dramatiques en cas d&rsquo;accident.<\/p>\n<h2>Un petit rappel historique<\/h2>\n<p>Pour les <strong>automobiles<\/strong>, le port de la ceinture de s\u00e9curit\u00e9 est devenu obligatoire \u00e0 l&rsquo;avant des v\u00e9hicules de tourisme et hors agglom\u00e9ration en juillet 1973. Il a fallu attendre 1979 pour qu&rsquo;elle le devienne aussi dans les agglom\u00e9rations, et janvier 1990 pour qu&rsquo;elle soit obligatoire \u00e0 l&rsquo;arri\u00e8re.<\/p>\n<p>Pr\u00e8s de 50 ans apr\u00e8s le vote de cette loi et la mise en place d&rsquo;amendes, le port de la ceinture ne fait toujours pas l&rsquo;unanimit\u00e9&#8230; C&rsquo;est fou, non ? On s&rsquo;habitue \u00e0 tout, sauf apparemment aux gestes qui sauvent des vies.<\/p>\n<h2>En compl\u00e9ment<\/h2>\n<p>Pour en savoir plus sur la s\u00e9curit\u00e9 dans les autocars, explorez \u00e9galement notre article sur <a href=\"https:\/\/www.groupito.com\/blog\/la-minute-groupito\/a-quoi-servent-les-marteaux-brise-vitres-dans-les-autocars\/\">les marteaux brise-vitres dans les autocars<\/a>. Si vous \u00eates int\u00e9ress\u00e9 par la r\u00e9glementation dans le transport, consultez notre guide sur <a href=\"https:\/\/www.groupito.com\/blog\/la-minute-groupito\/quelle-reglementation-les-autocaristes-doivent-ils-appliquer\/\">les r\u00e9glementations appliqu\u00e9es aux autocaristes<\/a>. Enfin, pour comprendre les comparaisons \u00e9cologiques, d\u00e9couvrez notre article sur <a href=\"https:\/\/www.groupito.com\/blog\/la-minute-groupito\/quest-ce-qui-pollue-le-plus-entre-un-autobus-et-une-voiture\/\">la pollution entre un autobus et une voiture<\/a>.<\/p>\n<h2>FAQ : Vos questions sur les ceintures dans les autocars<\/h2>\n<h3>Est-ce que le conducteur peut avoir une amende si je n&rsquo;attache pas ma ceinture ?<\/h3>\n<p>Non, depuis 2003, c&rsquo;est le passager lui-m\u00eame qui est responsable et qui prend l&rsquo;amende (135 \u20ac). Le conducteur a juste une obligation d&rsquo;information : il doit vous rappeler qu&rsquo;il faut attacher votre ceinture, mais il n&rsquo;est pas verbalis\u00e9 si vous ne le faites pas. Par contre, pour les passagers mineurs, c&rsquo;est bien le conducteur qui est responsable.<\/p>\n<h3>Tous les bus ont-ils des ceintures de s\u00e9curit\u00e9 ?<\/h3>\n<p>Depuis le 1er septembre 2015, tous les autocars neufs doivent \u00eatre \u00e9quip\u00e9s de ceintures de s\u00e9curit\u00e9. Les bus urbains qui circulent \u00e0 faible vitesse avec des passagers debout peuvent ne pas en avoir, mais les autocars de tourisme et de ligne, eux, en sont obligatoirement \u00e9quip\u00e9s.<\/p>\n<h3>Je suis enceinte, dois-je quand m\u00eame mettre la ceinture de s\u00e9curit\u00e9 ?<\/h3>\n<p>Oui, absolument ! Les femmes enceintes doivent obligatoirement porter leur ceinture. C&rsquo;est m\u00eame essentiel pour votre s\u00e9curit\u00e9 et celle de votre b\u00e9b\u00e9. Il suffit de bien la positionner : la partie basse doit passer sous le ventre, le plus bas possible sur l&rsquo;os du bassin.<\/p>\n<p>&nbsp;<\/p>\n<h2 class=\"cprp_section_title\">Vous aimerez ces autres articles :)<\/h2><div class=\"cprp_items list \"><ul><li><div class=\"cprp_data\"><div class=\"cprp_title\"><a href=\"https:\/\/www.groupito.com\/blog\/la-minute-groupito\/a-quoi-servent-les-marteaux-brise-vitres-dans-les-autocars\/\" title=\"A quoi servent les marteaux brise-vitres dans les autocars ?\">A quoi servent les marteaux brise-vitres dans les autocars ?<\/a><\/div><\/div><\/li><li><div class=\"cprp_data\"><div class=\"cprp_title\"><a href=\"https:\/\/www.groupito.com\/blog\/la-minute-groupito\/peut-on-boire-de-lalcool-dans-un-bus\/\" title=\"Peut-on boire de l&#039;alcool dans un bus ?\">Peut-on boire de l'alcool dans un bus ?<\/a><\/div><\/div><\/li><li><div class=\"cprp_data\"><div class=\"cprp_title\"><a href=\"https:\/\/www.groupito.com\/blog\/la-minute-groupito\/existe-til-des-bus-autonomes\/\" title=\"Existe-t&#039;il des bus autonomes ?\">Existe-t'il des bus autonomes ?<\/a><\/div><\/div><\/li><li><div class=\"cprp_data\"><div class=\"cprp_title\"><a href=\"https:\/\/www.groupito.com\/blog\/la-minute-groupito\/combien-de-temps-un-conducteur-dautocar-peut-il-conduire\/\" title=\"Combien de temps un conducteur d\u2019autocar peut-il conduire ?\">Combien de temps un conducteur d\u2019autocar peut-il conduire ?<\/a><\/div><\/div><\/li><li><div class=\"cprp_data\"><div class=\"cprp_title\"><a href=\"https:\/\/www.groupito.com\/blog\/la-minute-groupito\/quelles-sont-les-principales-caracteristiques-dun-autocar\/\" title=\"Les principales caract\u00e9ristiques techniques d\u2019un autocar\">Les principales caract\u00e9ristiques techniques d\u2019un autocar<\/a><\/div><\/div><\/li><li><div class=\"cprp_data\"><div class=\"cprp_title\"><a href=\"https:\/\/www.groupito.com\/blog\/la-minute-groupito\/bus-insolites-hors-du-commun\/\" title=\"Les bus les plus insolites et hors du commun\">Les bus les plus insolites et hors du commun<\/a><\/div><\/div><\/li><li><div class=\"cprp_data\"><div class=\"cprp_title\"><a href=\"https:\/\/www.groupito.com\/blog\/la-minute-groupito\/comment-fonctionnent-les-toilettes-des-autocars\/\" title=\"Comment fonctionnent les toilettes des autocars ?\">Comment fonctionnent les toilettes des autocars ?<\/a><\/div><\/div><\/li><li><div class=\"cprp_data\"><div class=\"cprp_title\"><a href=\"https:\/\/www.groupito.com\/blog\/la-minute-groupito\/quelle-est-la-meilleure-place-dans-un-bus\/\" title=\"Quelle est la meilleure place dans un bus ?\">Quelle est la meilleure place dans un bus ?<\/a><\/div><\/div><\/li><li><div class=\"cprp_data\"><div class=\"cprp_title\"><a href=\"https:\/\/www.groupito.com\/blog\/la-minute-groupito\/existe-t-il-des-autocars-electriques\/\" title=\"Existe-t-il des autocars \u00e9lectriques ?\">Existe-t-il des autocars \u00e9lectriques ?<\/a><\/div><\/div><\/li><li><div class=\"cprp_data\"><div class=\"cprp_title\"><a href=\"https:\/\/www.groupito.com\/blog\/la-minute-groupito\/a-quel-age-peut-on-conduire-un-bus\/\" title=\"A quel \u00e2ge peut-on conduire un bus ?\">A quel \u00e2ge peut-on conduire un bus ?<\/a><\/div><\/div><\/li><\/ul><\/div><div style=\"clear:both;\"><\/div>","protected":false},"excerpt":{"rendered":"<p>La ceinture de s\u00e9curit\u00e9 dans le bus, vous la mettez ou pas ? Soyons honn\u00eates, beaucoup d&rsquo;entre nous ne pensent m\u00eame pas \u00e0 l&rsquo;attacher quand ils montent dans un autocar. Pourtant, la loi est claire sur le sujet. Aujourd&rsquo;hui, on fait le point sur cette question qui concerne tous les voyageurs : les ceintures de s\u00e9curit\u00e9 dans les autocars sont-elles vraiment obligatoires ? La ceinture de s\u00e9curit\u00e9 : une question de vie ou de mort On le sait depuis des&#8230;<\/p>\n","protected":false},"author":1,"featured_media":3272,"comment_status":"closed","ping_status":"open","sticky":false,"template":"","format":"standard","meta":{"om_disable_all_campaigns":false},"categories":[64],"tags":[39,66],"aioseo_notices":[],"_links":{"self":[{"href":"https:\/\/www.groupito.com\/blog\/wp-json\/wp\/v2\/posts\/3271"}],"collection":[{"href":"https:\/\/www.groupito.com\/blog\/wp-json\/wp\/v2\/posts"}],"about":[{"href":"https:\/\/www.groupito.com\/blog\/wp-json\/wp\/v2\/types\/post"}],"author":[{"embeddable":true,"href":"https:\/\/www.groupito.com\/blog\/wp-json\/wp\/v2\/users\/1"}],"replies":[{"embeddable":true,"href":"https:\/\/www.groupito.com\/blog\/wp-json\/wp\/v2\/comments?post=3271"}],"version-history":[{"count":17,"href":"https:\/\/www.groupito.com\/blog\/wp-json\/wp\/v2\/posts\/3271\/revisions"}],"predecessor-version":[{"id":6235,"href":"https:\/\/www.groupito.com\/blog\/wp-json\/wp\/v2\/posts\/3271\/revisions\/6235"}],"wp:featuredmedia":[{"embeddable":true,"href":"https:\/\/www.groupito.com\/blog\/wp-json\/wp\/v2\/media\/3272"}],"wp:attachment":[{"href":"https:\/\/www.groupito.com\/blog\/wp-json\/wp\/v2\/media?parent=3271"}],"wp:term":[{"taxonomy":"category","embeddable":true,"href":"https:\/\/www.groupito.com\/blog\/wp-json\/wp\/v2\/categories?post=3271"},{"taxonomy":"post_tag","embeddable":true,"href":"https:\/\/www.groupito.com\/blog\/wp-json\/wp\/v2\/tags?post=3271"}],"curies":[{"name":"wp","href":"https:\/\/api.w.org\/{rel}","templated":true}]}}