{"id":3577,"date":"2020-04-14T09:24:20","date_gmt":"2020-04-14T07:24:20","guid":{"rendered":"https:\/\/www.groupito.com\/blog\/?p=3577"},"modified":"2025-02-20T17:02:31","modified_gmt":"2025-02-20T16:02:31","slug":"combien-de-distance-peut-on-parcourir-en-bus-electrique","status":"publish","type":"post","link":"https:\/\/www.groupito.com\/blog\/la-minute-groupito\/combien-de-distance-peut-on-parcourir-en-bus-electrique\/","title":{"rendered":"Combien de distance peut-on parcourir en bus \u00e9lectrique ?"},"content":{"rendered":"<p><span style=\"font-weight: 400;\">Groupito s\u2019int\u00e9resse aujourd\u2019hui aux transports de l\u2019avenir, et r\u00e9pond \u00e0 la question \u201cCombien de distance peut-on parcourir en bus \u00e9lectrique ?\u201d.\u00a0<\/span><\/p>\n<p><span style=\"font-weight: 400;\">Les v\u00e9hicules \u00e9lectriques sont sous le feux des projecteurs depuis quelques ann\u00e9es car ils permettent de rouler en diminuant l\u2019impact environnemental, notamment les \u00e9missions de CO2 et ainsi que la pollution sonore. Les voitures \u00e9lectriques commencent peu \u00e0 peu \u00e0 envahir nos villes et campagnes, mais qu\u2019en est-il des bus \u00e9lectriques ? <a href=\"https:\/\/www.groupito.com\/blog\/insolite\/les-bus-et-autocars-champions-de-lecologie\/\">Les bus \u00e9lectriques<\/a> commencent \u00e0 se d\u00e9velopper mais ils sont encore frein\u00e9s par leur faible autonomie et peu de bornes de recharges qui sont obligatoires pour que ces autocars puissent rouler.<\/span><\/p>\n<p><span style=\"font-weight: 400;\">M\u00eame s\u2019ils sont encore peu d\u00e9velopp\u00e9s, certaines entreprises du transport ont d\u00e9j\u00e0 saut\u00e9 le pas de l\u2019\u00e9lectrique et ont r\u00e9alis\u00e9 des performances de distances impressionnantes.<\/span><\/p>\n<p><img decoding=\"async\" loading=\"lazy\" class=\"alignnone size-medium wp-image-3580\" src=\"https:\/\/www.groupito.com\/blog\/wp-content\/uploads\/2020\/02\/Borne-300x200.jpg\" alt=\"\" width=\"300\" height=\"200\" srcset=\"https:\/\/www.groupito.com\/blog\/wp-content\/uploads\/2020\/02\/Borne-300x200.jpg 300w, https:\/\/www.groupito.com\/blog\/wp-content\/uploads\/2020\/02\/Borne-768x512.jpg 768w, https:\/\/www.groupito.com\/blog\/wp-content\/uploads\/2020\/02\/Borne-690x460.jpg 690w, https:\/\/www.groupito.com\/blog\/wp-content\/uploads\/2020\/02\/Borne-390x260.jpg 390w, https:\/\/www.groupito.com\/blog\/wp-content\/uploads\/2020\/02\/Borne.jpg 1000w\" sizes=\"(max-width: 300px) 100vw, 300px\" \/><\/p>\n<p><span style=\"font-weight: 400;\">Le constructeur am\u00e9ricain Proterra a parcouru avec un de ses mod\u00e8les une distance sans aucune recharge de pr\u00e8s de 1772 km ! Ce record est assez dingue, mais celui-ci est \u00e0 prendre avec des pincettes car il a \u00e9t\u00e9 r\u00e9alis\u00e9 sur une piste sp\u00e9ciale sans circulation et \u00e0 une vitesse stabilis\u00e9e.<\/span><\/p>\n<p><span style=\"font-weight: 400;\">Certains autocars \u00e9lectriques sont en service en France, ils poss\u00e8dent une autonomie beaucoup plus faible d\u2019environ 200 km, avec un temps de charge de 4 heures. C\u2019est une autonomie r\u00e9duite mais qui est g\u00e9rable par exemple pour un service r\u00e9gulier de transport sous forme de navette.<\/span><\/p>\n<p><span style=\"font-weight: 400;\">Il existe plusieurs types de bus \u00e9lectriques, avec des fonctionnalit\u00e9s qui leur sont propres. Il y a des mod\u00e8les qui sont capables de se recharger en partie en seulement quelques minutes au point d\u2019arr\u00eat du v\u00e9hicule, lorsque les passagers montent ou descendent. D\u2019autres mod\u00e8les doivent \u00eatre charg\u00e9s dans les d\u00e9p\u00f4ts la nuit ou encore \u00e0 des bornes pendant quelques heures.<\/span><\/p>\n<p><span style=\"font-weight: 400;\">Les bus \u00e9lectriques poss\u00e8dent une batterie avec une dur\u00e9e de vie de 8 ans en moyenne. Les majorit\u00e9s des constructeurs s\u2019engagent \u00e0 les recycler quand celles-ci seront en fin de vie.<br \/>\n<\/span><br \/>\n<strong>En compl\u00e9ment :<\/strong><br \/>\nPour compl\u00e9ter vos connaissances sur les bus \u00e9lectriques, vous pouvez lire notre article sur <a href=\"https:\/\/www.groupito.com\/blog\/la-minute-groupito\/existe-t-il-des-autocars-electriques\/\">les autocars \u00e9lectriques<\/a>. Si vous \u00eates curieux des innovations dans les transports en commun, d\u00e9couvrez <a href=\"https:\/\/www.groupito.com\/blog\/la-minute-groupito\/est-ce-quun-autocar-ca-pollue\/\">l\u2019impact \u00e9cologique des autocars<\/a>. Enfin, pour explorer d&rsquo;autres moyens de transport durables, notre article sur <a href=\"https:\/\/www.groupito.com\/blog\/insolite\/les-moyens-de-transport-ecologiques\/\">les transports \u00e9cologiques<\/a> est une lecture essentielle.<\/p>\n<p>&nbsp;<\/p>\n<h2 class=\"cprp_section_title\">Vous aimerez ces autres articles :)<\/h2><div class=\"cprp_items list \"><ul><li><div class=\"cprp_data\"><div class=\"cprp_title\"><a href=\"https:\/\/www.groupito.com\/blog\/la-minute-groupito\/peut-on-dormir-dans-un-car-couchettes-pendant-quil-roule\/\" title=\"Peut-on dormir dans un car couchettes pendant qu&#039;il roule ?\">Peut-on dormir dans un car couchettes pendant qu'il roule ?<\/a><\/div><\/div><\/li><li><div class=\"cprp_data\"><div class=\"cprp_title\"><a href=\"https:\/\/www.groupito.com\/blog\/la-minute-groupito\/voyage-organise-en-bus-pas-cher\/\" title=\"Faire un voyage organis\u00e9 en bus pas cher\">Faire un voyage organis\u00e9 en bus pas cher<\/a><\/div><\/div><\/li><li><div class=\"cprp_data\"><div class=\"cprp_title\"><a href=\"https:\/\/www.groupito.com\/blog\/la-minute-groupito\/voyager-en-famille-en-bus\/\" title=\"Voyager en Famille en Bus, la Bonne Id\u00e9e !\">Voyager en Famille en Bus, la Bonne Id\u00e9e !<\/a><\/div><\/div><\/li><li><div class=\"cprp_data\"><div class=\"cprp_title\"><a href=\"https:\/\/www.groupito.com\/blog\/la-minute-groupito\/quelle-est-la-meilleure-place-dans-un-bus\/\" title=\"Quelle est la meilleure place dans un bus ?\">Quelle est la meilleure place dans un bus ?<\/a><\/div><\/div><\/li><li><div class=\"cprp_data\"><div class=\"cprp_title\"><a href=\"https:\/\/www.groupito.com\/blog\/la-minute-groupito\/quel-est-le-moyen-de-transport-le-plus-sur\/\" title=\"Quel est le moyen de transport le plus s\u00fbr ?\">Quel est le moyen de transport le plus s\u00fbr ?<\/a><\/div><\/div><\/li><li><div class=\"cprp_data\"><div class=\"cprp_title\"><a href=\"https:\/\/www.groupito.com\/blog\/la-minute-groupito\/quelle-reglementation-les-autocaristes-doivent-ils-appliquer\/\" title=\"Quelle r\u00e9glementation les autocaristes doivent-ils appliquer ?\">Quelle r\u00e9glementation les autocaristes doivent-ils appliquer ?<\/a><\/div><\/div><\/li><li><div class=\"cprp_data\"><div class=\"cprp_title\"><a href=\"https:\/\/www.groupito.com\/blog\/la-minute-groupito\/comment-les-transports-en-commun-sont-ils-desinfectes\/\" title=\"Comment les transports en commun sont-ils d\u00e9sinfect\u00e9s ?\">Comment les transports en commun sont-ils d\u00e9sinfect\u00e9s ?<\/a><\/div><\/div><\/li><li><div class=\"cprp_data\"><div class=\"cprp_title\"><a href=\"https:\/\/www.groupito.com\/blog\/la-minute-groupito\/les-5-erreurs-a-eviter-lorsquon-loue-un-bus\/\" title=\"Les 5 erreurs \u00e0 \u00e9viter lorsqu&#039;on loue un bus\">Les 5 erreurs \u00e0 \u00e9viter lorsqu'on loue un bus<\/a><\/div><\/div><\/li><li><div class=\"cprp_data\"><div class=\"cprp_title\"><a href=\"https:\/\/www.groupito.com\/blog\/la-minute-groupito\/existe-t-il-des-autocars-electriques\/\" title=\"Existe-t-il des autocars \u00e9lectriques ?\">Existe-t-il des autocars \u00e9lectriques ?<\/a><\/div><\/div><\/li><li><div class=\"cprp_data\"><div class=\"cprp_title\"><a href=\"https:\/\/www.groupito.com\/blog\/la-minute-groupito\/quest-ce-qui-pollue-le-plus-entre-un-autobus-et-une-voiture\/\" title=\"Qu\u2019est-ce qui pollue le plus entre un autobus et une voiture ?\">Qu\u2019est-ce qui pollue le plus entre un autobus et une voiture ?<\/a><\/div><\/div><\/li><\/ul><\/div><div style=\"clear:both;\"><\/div>","protected":false},"excerpt":{"rendered":"<p>Groupito s\u2019int\u00e9resse aujourd\u2019hui aux transports de l\u2019avenir, et r\u00e9pond \u00e0 la question \u201cCombien de distance peut-on parcourir en bus \u00e9lectrique ?\u201d.\u00a0 Les v\u00e9hicules \u00e9lectriques sont sous le feux des projecteurs depuis quelques ann\u00e9es car ils permettent de rouler en diminuant l\u2019impact environnemental, notamment les \u00e9missions de CO2 et ainsi que la pollution sonore. Les voitures \u00e9lectriques commencent peu \u00e0 peu \u00e0 envahir nos villes et campagnes, mais qu\u2019en est-il des bus \u00e9lectriques ? Les bus \u00e9lectriques commencent \u00e0 se d\u00e9velopper&#8230;<\/p>\n","protected":false},"author":1,"featured_media":3578,"comment_status":"closed","ping_status":"open","sticky":false,"template":"","format":"standard","meta":{"om_disable_all_campaigns":false},"categories":[64],"tags":[39,67],"aioseo_notices":[],"_links":{"self":[{"href":"https:\/\/www.groupito.com\/blog\/wp-json\/wp\/v2\/posts\/3577"}],"collection":[{"href":"https:\/\/www.groupito.com\/blog\/wp-json\/wp\/v2\/posts"}],"about":[{"href":"https:\/\/www.groupito.com\/blog\/wp-json\/wp\/v2\/types\/post"}],"author":[{"embeddable":true,"href":"https:\/\/www.groupito.com\/blog\/wp-json\/wp\/v2\/users\/1"}],"replies":[{"embeddable":true,"href":"https:\/\/www.groupito.com\/blog\/wp-json\/wp\/v2\/comments?post=3577"}],"version-history":[{"count":6,"href":"https:\/\/www.groupito.com\/blog\/wp-json\/wp\/v2\/posts\/3577\/revisions"}],"predecessor-version":[{"id":6000,"href":"https:\/\/www.groupito.com\/blog\/wp-json\/wp\/v2\/posts\/3577\/revisions\/6000"}],"wp:featuredmedia":[{"embeddable":true,"href":"https:\/\/www.groupito.com\/blog\/wp-json\/wp\/v2\/media\/3578"}],"wp:attachment":[{"href":"https:\/\/www.groupito.com\/blog\/wp-json\/wp\/v2\/media?parent=3577"}],"wp:term":[{"taxonomy":"category","embeddable":true,"href":"https:\/\/www.groupito.com\/blog\/wp-json\/wp\/v2\/categories?post=3577"},{"taxonomy":"post_tag","embeddable":true,"href":"https:\/\/www.groupito.com\/blog\/wp-json\/wp\/v2\/tags?post=3577"}],"curies":[{"name":"wp","href":"https:\/\/api.w.org\/{rel}","templated":true}]}}