{"id":4668,"date":"2022-06-08T10:07:19","date_gmt":"2022-06-08T08:07:19","guid":{"rendered":"https:\/\/www.groupito.com\/blog\/?p=4668"},"modified":"2024-04-26T10:45:01","modified_gmt":"2024-04-26T08:45:01","slug":"les-vacances-dete-comment-bien-preparer-son-voyage","status":"publish","type":"post","link":"https:\/\/www.groupito.com\/blog\/trip\/les-vacances-dete-comment-bien-preparer-son-voyage\/","title":{"rendered":"Les vacances d\u2019\u00e9t\u00e9\u00a0: comment bien pr\u00e9parer son voyage"},"content":{"rendered":"<p><span style=\"font-weight: 400;\">Les vacances d\u2019\u00e9t\u00e9 sont probablement les vacances les plus stressantes \u00e0 pr\u00e9parer. Et pour cause\u00a0: vous partez seul, entre amis ou en famille\u2009? Il faut donc s\u2019assurer de bien pr\u00e9parer son voyage pour ne pas avoir de \u00ab\u00a0mauvaise\u00a0\u00bb surprise pendant votre s\u00e9jour. R\u00e9server un h\u00e9bergement\u2009? R\u00e9server un moyen de transport\u2009? S\u2019accorder sur les dates et les heures\u2009? S\u2019informer sur les volont\u00e9s de chacun\u2009? Faire attention aux plannings\u2009? Groupito vous aide \u00e0 organiser au mieux votre s\u00e9jour\u2009! <\/span><\/p>\n<h2><span style=\"font-weight: 400; color: #000000;\">R\u00e9server un h\u00e9bergement pour ses vacances d\u2019\u00e9t\u00e9<\/span><\/h2>\n<p><span style=\"font-weight: 400;\">Qu\u2019on soit seul, en couple, entre amis ou en famille, il faut r\u00e9server son h\u00e9bergement de <\/span><b>vacances<\/b><span style=\"font-weight: 400;\">. Plus t\u00f4t vous saurez ce qui vous convient en mati\u00e8re d\u2019h\u00e9bergement, et mieux ce sera. Que ce soit h\u00f4tel, club, camping ou g\u00eete, plus t\u00f4t vous r\u00e9servez et mieux vous vous sentirez. En effet, les Fran\u00e7ais sont tr\u00e8s attach\u00e9s \u00e0 leurs <\/span><b>vacances d\u2019\u00e9t\u00e9<\/b><span style=\"font-weight: 400;\"> et de plus en plus fr\u00e9quemment, les h\u00e9bergements sont lou\u00e9s ou r\u00e9serv\u00e9s d\u2019une ann\u00e9e sur l\u2019autre. Donc, ne trainez pas et r\u00e9servez\u2009!\u00a0<\/span><\/p>\n<p><span style=\"font-weight: 400;\">Groupito vous conseille, pour plus de s\u00e9r\u00e9nit\u00e9, de mettre tous les papiers qui concernent vos futures vacances dans un seul et m\u00eame dossier. Cela \u00e9vitera le stress de courir et chercher partout les papiers n\u00e9cessaires au dernier moment. Nous avons d\u00e9j\u00e0 \u00e9crit un <\/span><a href=\"https:\/\/www.groupito.com\/blog\/bien-organiser-son-voyage\/comment-organiser-un-voyage-entre-amis\/\"><span style=\"font-weight: 400;\">article sur <\/span><b>l\u2019organisation des vacances<\/b><span style=\"font-weight: 400;\">,<\/span><\/a><span style=\"font-weight: 400;\"> nous vous le recommandons vivement, car il regorge de bons conseils\u2009!<\/span><\/p>\n<h2><span style=\"font-weight: 400; color: #000000;\">R\u00e9server un moyen de transport pour ses vacances d\u2019\u00e9t\u00e9<\/span><\/h2>\n<p><span style=\"font-weight: 400;\">Vous quittez la France et partez dans un pays \u00e9tranger\u2009? Si vous traversez des continents, <\/span><b>l\u2019avion<\/b><span style=\"font-weight: 400;\"> ou le <\/span><b>train<\/b><span style=\"font-weight: 400;\"> restent de bonnes alternatives. Pas de stress pour le ou les conducteurs, votre transporteur s\u2019occupe de tout. Il est fort possible de <a href=\"https:\/\/www.groupito.com\/articles\/transfert-aeroport\">louer un v\u00e9hicule \u00e0 votre arriv\u00e9e \u00e0 l\u2019a\u00e9roport<\/a> ou \u00e0 la gare.\u00a0<\/span><\/p>\n<p><span style=\"font-weight: 400;\">Si vous voulez avoir un peu d\u2019autonomie et vous faire vos visites et parcours en solo ou si votre nombre de participants est en dessous de 6, Groupito vous conseille de louer une voiture. Par contre, si vous partez \u00e0 plusieurs, entre amis, ou en famille et que vous d\u00e9cidez de tout faire ensemble, alors la location d\u2019un <\/span><a href=\"https:\/\/www.groupito.com\/blog\/bien-organiser-son-voyage\/6-conseils-pour-bien-voyager-en-bus\/\"><span style=\"font-weight: 400;\">bus<\/span><\/a><span style=\"font-weight: 400;\"> ou minibus sera parfaite\u2009!<\/span><\/p>\n<h2><span style=\"font-weight: 400; color: #000000;\">S\u2019accorder sur les dates et les heures<\/span><\/h2>\n<p><span style=\"font-weight: 400;\">Lorsqu\u2019on part \u00e0 plusieurs, cela peut vite devenir un casse-t\u00eate. M\u00eame si on a tr\u00e8s envie de <\/span><b>partir en vacances<\/b><span style=\"font-weight: 400;\"> avec ses amis ou sa famille. Il faut faire une vraie table ronde, et tout organiser bien en amont avec tous les participants du <\/span><b>voyage<\/b><span style=\"font-weight: 400;\">.\u00a0<\/span><\/p>\n<p><span style=\"font-weight: 400;\">Cette organisation qui peut para\u00eetre rigoureuse n\u2019est pas du tout r\u00e9barbative, bien au contraire\u2009! On ne connait jamais assez ses amis ou sa famille, et vous pourriez d\u00e9couvrir des choses \u00e9tonnantes et insolites quant aux habitudes de vie de tout le monde. Il vaut donc mieux \u00e9viter les voyages en avion si l\u2019un de vos amis a tr\u00e8s peur de l\u2019avion ou les <\/span><b>longs trajets en bus <\/b><span style=\"font-weight: 400;\">si quelqu\u2019un a le mal des transports.\u00a0<\/span><\/p>\n<h2><span style=\"font-weight: 400; color: #000000;\">S\u2019informer sur les volont\u00e9s de chacun<\/span><\/h2>\n<p><span style=\"font-weight: 400;\">Les<\/span><b> vacances d\u2019\u00e9t\u00e9 en groupe<\/b><span style=\"font-weight: 400;\">, c&rsquo;est super \u00e0 condition de respecter quelques r\u00e8gles de base \u00e9l\u00e9mentaires. Est-ce que tout le monde a envie de partir au m\u00eame endroit\u2009? Plut\u00f4t mer ou montagne\u2009? Est-ce que tout le monde est OK avec le mode d\u2019h\u00e9bergement choisi\u2009? Qui s\u2019occupera de l\u2019intendance\u2009? On peut faire une rotation, pour que personne ne se sente l\u00e9s\u00e9. Une fois votre destination choisie, il faut juste faire un check-point\u00a0:<\/span><\/p>\n<ul>\n<li style=\"font-weight: 400;\" aria-level=\"1\"><span style=\"font-weight: 400;\">demander le budget minimum et maximum de chacun\u2009;<\/span><\/li>\n<li style=\"font-weight: 400;\" aria-level=\"1\"><span style=\"font-weight: 400;\">nommer un(e) tr\u00e9sorier (\u00e8re) lors du s\u00e9jour\u2009;<\/span><\/li>\n<li style=\"font-weight: 400;\" aria-level=\"1\"><span style=\"font-weight: 400;\">pr\u00e9voir une cagnotte commune au groupe pour toutes les sorties\u2009;<\/span><\/li>\n<li style=\"font-weight: 400;\" aria-level=\"1\"><span style=\"font-weight: 400;\">d\u00e9signer chaque membre de l\u2019\u00e9quipe pour une t\u00e2che pr\u00e9cise\u2009;<\/span><\/li>\n<li style=\"font-weight: 400;\" aria-level=\"1\"><span style=\"font-weight: 400;\">ne pas oublier son rire et sa bonne humeur\u2009!<\/span><\/li>\n<\/ul>\n<h2><span style=\"font-weight: 400; color: #000000;\">Faire attention au planning<\/span><\/h2>\n<p><span style=\"font-weight: 400;\">On n\u2019ira pas jusqu\u2019\u00e0 vous conseiller de faire un r\u00e9troplanning, mais quand m\u00eame\u2009! Il faut\u00a0:\u00a0<\/span><\/p>\n<ul>\n<li style=\"font-weight: 400;\" aria-level=\"1\"><span style=\"font-weight: 400;\">Bien s\u2019informer sur les d\u00e9lais de r\u00e9servation du moyen de transport, mais aussi de l\u2019h\u00e9bergement\u2009;<\/span><\/li>\n<li style=\"font-weight: 400;\" aria-level=\"1\"><span style=\"font-weight: 400;\">\u00a0Bien s\u2019informer sur la m\u00e9t\u00e9o de votre destination\u2009;\u00a0<\/span><\/li>\n<li style=\"font-weight: 400;\" aria-level=\"1\"><span style=\"font-weight: 400;\">\u00a0Se renseigner sur les habitudes culturelles du pays dans lequel vous vous rendez si vous quittez la France.\u00a0<\/span><\/li>\n<\/ul>\n<p><span style=\"font-weight: 400;\">Surtout, on note dans son planning de ne surtout pas oublier ses papiers d\u2019identit\u00e9, mais aussi ses papiers de sant\u00e9, carte vitale et carte de mutuelle. On pr\u00e9voit un d\u00e9lai si vous vous rendez \u00e0 l\u2019\u00e9tranger pour l\u2019obtention de votre carte vitale europ\u00e9enne. On v\u00e9rifie que la carte bancaire est bien valide jusqu\u2019au retour. On se fait confirmer par sa mutuelle qu\u2019en cas de probl\u00e8me on sera bien pris en charge.\u00a0<\/span><\/p>\n<p><span style=\"font-weight: 400;\">Si vous voulez passer des <\/span><b>vacances idylliques<\/b><span style=\"font-weight: 400;\">, il est primordial de faire attention au planning de l\u2019avant-d\u00e9part en vacances\u2009!\u00a0<\/span><\/p>\n<h2><span style=\"color: #ff9600;\"><strong>Les vacances d\u2019\u00e9t\u00e9\u00a0: Comment bien pr\u00e9parer son voyage\u2009?<\/strong><\/span><\/h2>\n<p><span style=\"font-weight: 400;\">Vous l\u2019aurez compris, pour bien profiter de vos cong\u00e9s cet \u00e9t\u00e9, il faut un minimum d\u2019organisation avant votre d\u00e9part. Une fois tous les points \u00e9voqu\u00e9s plus haut accomplis, on n\u2019oublie pas non plus de s\u2019occuper de\u00a0:<\/span><\/p>\n<ul>\n<li style=\"font-weight: 400;\" aria-level=\"1\"><span style=\"font-weight: 400;\">V\u00e9rifiez que vous \u00eates couvert par votre assurance en cas d\u2019accident physique ou mat\u00e9riel sur votre lieu de cong\u00e9s\u2009;<\/span><\/li>\n<li style=\"font-weight: 400;\" aria-level=\"1\"><span style=\"font-weight: 400;\">Contr\u00f4lez plus particuli\u00e8rement ce qui concerne l\u2019assistance, le nombre de kilom\u00e8tres \u00e0 partir duquel vous pouvez \u00eatre d\u00e9pann\u00e9 et quels sont vos droits \u00e0 une voiture de remplacement si vous partez avec votre v\u00e9hicule\u2009;<\/span><\/li>\n<li style=\"font-weight: 400;\" aria-level=\"1\"><span style=\"font-weight: 400;\">V\u00e9rifiez que toutes les fen\u00eatres et portes de votre domicile soient ferm\u00e9es\u2009;<\/span><\/li>\n<li style=\"font-weight: 400;\" aria-level=\"1\"><span style=\"font-weight: 400;\">Demandez \u00e0 un voisin, un oncle ou un ami de passer de temps en temps chez vous pour arroser les plantes et v\u00e9rifier si tout va bien\u2009;<\/span><\/li>\n<li style=\"font-weight: 400;\" aria-level=\"1\"><span style=\"font-weight: 400;\">R\u00e9servez un chenil ou une pension pour animaux si vous ne pouvez pas emmener vos compagnons \u00e0 quatre pattes\u2009;<\/span><\/li>\n<li style=\"font-weight: 400;\" aria-level=\"1\"><span style=\"font-weight: 400;\">Laissez vos coordonn\u00e9es \u00e0 un proche qui pourra vous contacter en cas de besoin\u2009;<\/span><\/li>\n<li style=\"font-weight: 400;\" aria-level=\"1\"><span style=\"font-weight: 400;\">Pr\u00e9venez votre facteur de vos dates d\u2019absence ou faites suivre votre courrier pendant vos cong\u00e9s\u2009;<\/span><\/li>\n<li style=\"font-weight: 400;\" aria-level=\"1\"><span style=\"font-weight: 400;\">Pr\u00e9voyez une trousse de premier secours, toujours utile en cas de petits bobos\u2009;<\/span><\/li>\n<li style=\"font-weight: 400;\" aria-level=\"1\"><span style=\"font-weight: 400;\">Renouvelez votre ordonnance si vous avez un traitement \u00e0 prendre\u2009;<\/span><\/li>\n<li style=\"font-weight: 400;\" aria-level=\"1\"><span style=\"font-weight: 400;\">Emportez votre \u00e9cran total pour le visage et votre casquette, que ce soit \u00e0 la mer ou \u00e0 la montagne, il faut se prot\u00e9ger des rayons UV du soleil, et de la <\/span><b>chaleur<\/b><span style=\"font-weight: 400;\">.<\/span><\/li>\n<\/ul>\n<p><span style=\"font-weight: 400;\">Et voil\u00e0\u2009! Avec tous ces conseils judicieux, vous ne pourrez que profiter de votre <\/span><b>repos<\/b><span style=\"font-weight: 400;\"> bien m\u00e9rit\u00e9\u2009! Groupito vous souhaite d\u2019excellentes vacances.\u00a0<\/span><\/p>\n<p style=\"text-align: center;\"><a href=\"https:\/\/www.groupito.com\"><img decoding=\"async\" loading=\"lazy\" class=\"alignnone\" src=\"https:\/\/media.giphy.com\/media\/Pme4a9qkGZGgPRXASL\/giphy.gif\" alt=\"\" width=\"480\" height=\"270\" \/><\/a><\/p>\n<p><br style=\"font-weight: 400;\" \/><br style=\"font-weight: 400;\" \/><\/p>\n<h2 class=\"cprp_section_title\">Vous aimerez ces autres articles :)<\/h2><div class=\"cprp_items list \"><ul><li><div class=\"cprp_data\"><div class=\"cprp_title\"><a href=\"https:\/\/www.groupito.com\/blog\/trip\/faire-un-voyage-en-car-ete\/\" title=\"Faire un voyage en car, la nouvelle tendance !\">Faire un voyage en car, la nouvelle tendance !<\/a><\/div><\/div><\/li><li><div class=\"cprp_data\"><div class=\"cprp_title\"><a href=\"https:\/\/www.groupito.com\/blog\/trip\/comment-ne-pas-partir-seul-en-vacances-tous-nos-conseils\/\" title=\"Comment ne pas partir seul en vacances ? Tous nos conseils\">Comment ne pas partir seul en vacances ? Tous nos conseils<\/a><\/div><\/div><\/li><li><div class=\"cprp_data\"><div class=\"cprp_title\"><a href=\"https:\/\/www.groupito.com\/blog\/trip\/les-4-grands-avantages-du-voyage-de-groupe\/\" title=\"Les 4 grands avantages du voyage de groupe\">Les 4 grands avantages du voyage de groupe<\/a><\/div><\/div><\/li><li><div class=\"cprp_data\"><div class=\"cprp_title\"><a href=\"https:\/\/www.groupito.com\/blog\/groupes-de-voyageurs\/ou-aller-en-ile-de-france-pour-une-sortie-scolaire-en-autocar\/\" title=\"O\u00f9 aller en \u00cele-de-France pour une sortie scolaire en autocar ?\">O\u00f9 aller en \u00cele-de-France pour une sortie scolaire en autocar ?<\/a><\/div><\/div><\/li><li><div class=\"cprp_data\"><div class=\"cprp_title\"><a href=\"https:\/\/www.groupito.com\/blog\/trip\/comment-soccuper-lors-dun-long-trajet-en-bus\/\" title=\"Comment s\u2019occuper lors d\u2019un long trajet en bus ?\">Comment s\u2019occuper lors d\u2019un long trajet en bus ?<\/a><\/div><\/div><\/li><li><div class=\"cprp_data\"><div class=\"cprp_title\"><a href=\"https:\/\/www.groupito.com\/blog\/trip\/la-belgique-visiter-les-incontournables\/\" title=\"La Belgique, visiter les incontournables\u2009\">La Belgique, visiter les incontournables\u2009<\/a><\/div><\/div><\/li><li><div class=\"cprp_data\"><div class=\"cprp_title\"><a href=\"https:\/\/www.groupito.com\/blog\/trip\/les-lieux-incontournables-a-visiter-en-suisse\/\" title=\"Les lieux incontournables \u00e0 visiter en Suisse\">Les lieux incontournables \u00e0 visiter en Suisse<\/a><\/div><\/div><\/li><li><div class=\"cprp_data\"><div class=\"cprp_title\"><a href=\"https:\/\/www.groupito.com\/blog\/trip\/partir-en-voyage-quel-moyen-de-transport-choisir\/\" title=\"Partir en voyage, quel moyen de transport choisir ?\">Partir en voyage, quel moyen de transport choisir ?<\/a><\/div><\/div><\/li><li><div class=\"cprp_data\"><div class=\"cprp_title\"><a href=\"https:\/\/www.groupito.com\/blog\/trip\/ou-passer-ses-vacances-en-avril-et-feter-la-paques\/\" title=\"O\u00f9 passer ses vacances en avril et f\u00eater la P\u00e2ques ?\">O\u00f9 passer ses vacances en avril et f\u00eater la P\u00e2ques ?<\/a><\/div><\/div><\/li><li><div class=\"cprp_data\"><div class=\"cprp_title\"><a href=\"https:\/\/www.groupito.com\/blog\/groupes-de-voyageurs\/le-transport-en-autocar-et-les-voyages-religieux-pelerinages-et-spiritualite\/\" title=\"Le transport en autocar et les voyages religieux : P\u00e8lerinages et spiritualit\u00e9\">Le transport en autocar et les voyages religieux : P\u00e8lerinages et spiritualit\u00e9<\/a><\/div><\/div><\/li><\/ul><\/div><div style=\"clear:both;\"><\/div>","protected":false},"excerpt":{"rendered":"<p>Les vacances d\u2019\u00e9t\u00e9 sont probablement les vacances les plus stressantes \u00e0 pr\u00e9parer. Et pour cause\u00a0: vous partez seul, entre amis ou en famille\u2009? Il faut donc s\u2019assurer de bien pr\u00e9parer son voyage pour ne pas avoir de \u00ab\u00a0mauvaise\u00a0\u00bb surprise pendant votre s\u00e9jour. R\u00e9server un h\u00e9bergement\u2009? R\u00e9server un moyen de transport\u2009? S\u2019accorder sur les dates et les heures\u2009? S\u2019informer sur les volont\u00e9s de chacun\u2009? Faire attention aux plannings\u2009? Groupito vous aide \u00e0 organiser au mieux votre s\u00e9jour\u2009! R\u00e9server un h\u00e9bergement pour&#8230;<\/p>\n","protected":false},"author":1,"featured_media":4673,"comment_status":"closed","ping_status":"open","sticky":false,"template":"","format":"standard","meta":{"om_disable_all_campaigns":false},"categories":[77,75,31],"tags":[],"aioseo_notices":[],"_links":{"self":[{"href":"https:\/\/www.groupito.com\/blog\/wp-json\/wp\/v2\/posts\/4668"}],"collection":[{"href":"https:\/\/www.groupito.com\/blog\/wp-json\/wp\/v2\/posts"}],"about":[{"href":"https:\/\/www.groupito.com\/blog\/wp-json\/wp\/v2\/types\/post"}],"author":[{"embeddable":true,"href":"https:\/\/www.groupito.com\/blog\/wp-json\/wp\/v2\/users\/1"}],"replies":[{"embeddable":true,"href":"https:\/\/www.groupito.com\/blog\/wp-json\/wp\/v2\/comments?post=4668"}],"version-history":[{"count":9,"href":"https:\/\/www.groupito.com\/blog\/wp-json\/wp\/v2\/posts\/4668\/revisions"}],"predecessor-version":[{"id":5388,"href":"https:\/\/www.groupito.com\/blog\/wp-json\/wp\/v2\/posts\/4668\/revisions\/5388"}],"wp:featuredmedia":[{"embeddable":true,"href":"https:\/\/www.groupito.com\/blog\/wp-json\/wp\/v2\/media\/4673"}],"wp:attachment":[{"href":"https:\/\/www.groupito.com\/blog\/wp-json\/wp\/v2\/media?parent=4668"}],"wp:term":[{"taxonomy":"category","embeddable":true,"href":"https:\/\/www.groupito.com\/blog\/wp-json\/wp\/v2\/categories?post=4668"},{"taxonomy":"post_tag","embeddable":true,"href":"https:\/\/www.groupito.com\/blog\/wp-json\/wp\/v2\/tags?post=4668"}],"curies":[{"name":"wp","href":"https:\/\/api.w.org\/{rel}","templated":true}]}}