{"id":4689,"date":"2022-06-27T15:36:13","date_gmt":"2022-06-27T13:36:13","guid":{"rendered":"https:\/\/www.groupito.com\/blog\/?p=4689"},"modified":"2025-02-20T12:17:23","modified_gmt":"2025-02-20T11:17:23","slug":"comment-sont-climatises-les-autocars","status":"publish","type":"post","link":"https:\/\/www.groupito.com\/blog\/la-minute-groupito\/comment-sont-climatises-les-autocars\/","title":{"rendered":"Comment sont climatis\u00e9s les autocars\u00a0?"},"content":{"rendered":"<p style=\"font-weight: 400;\">Dans un v\u00e9hicule, la climatisation (surtout avec les grandes chaleurs actuelles) peut \u00eatre essentielle au bien-\u00eatre des voyageurs. De nos jours, chaque mode de transport poss\u00e8de sa climatisation. Ainsi, un avion, un bus, un m\u00e9tro, un train, un bateau\u2026 ont \u00e0 bord, la climatisation pour am\u00e9liorer l\u2019exp\u00e9rience des usagers.<\/p>\n<p style=\"font-weight: 400;\">Mais alors, comment est r\u00e9glement\u00e9e cette clim ? O\u00f9 se situe-t-elle dans un autocar ? Combien de sorties sont pr\u00e9sentes dans un v\u00e9hicule ? Cette semaine, Groupito met en lumi\u00e8re la climatisation dans les autocars.<\/p>\n<p style=\"font-weight: 400;\"><u>Les autocars sont climatis\u00e9s de diverses fa\u00e7ons\u00a0: <\/u><\/p>\n<p style=\"font-weight: 400;\">Dans un autocar, les sorties de la climatisation peuvent se situer \u00e0 plusieurs endroits. Dans les v\u00e9hicules peuvent se trouver, des sorties de clim ou des sorties de ventilation.<\/p>\n<ul>\n<li><strong>La climatisation<\/strong>, celle-ci peut se situer \u00e0 divers endroits \u00e0 bord du v\u00e9hicule. Dans la grande majorit\u00e9 des cas, les sorties de la climatisation se situent au niveau du plafond du v\u00e9hicule. Elle peut \u00e9galement se situer sous le plancher, si le v\u00e9hicule n\u2019est pas trop bas.<\/li>\n<li><strong>La ventilation<\/strong>, fonctionne avec la possibilit\u00e9 d\u2019ouvrir le haut des fen\u00eatres. Cette option n\u2019est pas possible dans tous les v\u00e9hicules. N\u00e9anmoins, certaines compagnies de transport mettent en place de buses de ventilation. Celles-ci sont g\u00e9n\u00e9ralement plac\u00e9es au niveau du plafond du v\u00e9hicule.<\/li>\n<\/ul>\n<p style=\"font-weight: 400;\">Certaines compagnies adoptent la nouvelle climatisation sp\u00e9ciale COVID-19. Celle-ci a la charge de renouveler l\u2019air &#8211; \u00e0 bord de l\u2019autocar &#8211; toutes les deux \u00e0 quatre minutes. Ainsi, elle assure \u00e0 l\u2019ensemble des passagers, de l\u2019air avec le moins de microbes possible.<\/p>\n<p style=\"font-weight: 400;\">Avec la venue de la crise sanitaire, certains transports routiers de groupes ont opt\u00e9 pour une nouvelle fa\u00e7on d\u2019assurer aux voyageurs, un voyage avec le moins possible de microbes. Ils ont mis\u00e9 sur les ultraviolets.<\/p>\n<p style=\"font-weight: 400;\">Chez Groupito, nos transporteurs partenaires poss\u00e8dent des v\u00e9hicules dot\u00e9s de la climatisation et\/ou de la ventilation. N\u2019ayez crainte, en cette p\u00e9riode de fortes chaleurs, en r\u00e9servant votre moyen de transport sur <a href=\"https:\/\/www.groupito.com\/\">www.groupito.com<\/a>, ne prenez aucun risque d\u2019avoir trop chaud durant votre voyage.<\/p>\n<p><strong>En compl\u00e9ment :<\/strong><br \/>\nPour d\u00e9couvrir d&rsquo;autres aspects techniques des autocars, explorez \u00e9galement notre guide sur <a href=\"https:\/\/www.groupito.com\/blog\/la-minute-groupito\/les-ceintures-de-securite-sont-elles-obligatoires-dans-un-autocar\/\">l&rsquo;obligation des ceintures de s\u00e9curit\u00e9 dans les autocars<\/a>. Si vous \u00eates curieux des innovations dans les transports, lisez notre article sur <a href=\"https:\/\/www.groupito.com\/blog\/la-minute-groupito\/existe-t-il-des-autocars-electriques\/\">les autocars \u00e9lectriques<\/a>. Enfin, pour un aper\u00e7u des r\u00e9glementations appliqu\u00e9es, consultez aussi notre guide sur <a href=\"https:\/\/www.groupito.com\/blog\/la-minute-groupito\/quelle-reglementation-les-autocaristes-doivent-ils-appliquer\/\">les r\u00e9glementations des autocaristes<\/a>.<\/p>\n<p>&nbsp;<\/p>\n<h2 class=\"cprp_section_title\">Vous aimerez ces autres articles :)<\/h2><div class=\"cprp_items list \"><ul><li><div class=\"cprp_data\"><div class=\"cprp_title\"><a href=\"https:\/\/www.groupito.com\/blog\/la-minute-groupito\/quel-type-de-voiture-peut-utiliser-un-vtc\/\" title=\"Quel type de voiture peut utiliser un VTC ?\">Quel type de voiture peut utiliser un VTC ?<\/a><\/div><\/div><\/li><li><div class=\"cprp_data\"><div class=\"cprp_title\"><a href=\"https:\/\/www.groupito.com\/blog\/la-minute-groupito\/combien-gagne-un-conducteur-dautocar\/\" title=\"Combien gagne un conducteur d\u2019autocar ?\">Combien gagne un conducteur d\u2019autocar ?<\/a><\/div><\/div><\/li><li><div class=\"cprp_data\"><div class=\"cprp_title\"><a href=\"https:\/\/www.groupito.com\/blog\/la-minute-groupito\/quest-ce-que-le-permis-d\/\" title=\"Qu&#039;est ce que le permis D ?\">Qu'est ce que le permis D ?<\/a><\/div><\/div><\/li><li><div class=\"cprp_data\"><div class=\"cprp_title\"><a href=\"https:\/\/www.groupito.com\/blog\/la-minute-groupito\/existe-t-il-des-autocars-electriques\/\" title=\"Existe-t-il des autocars \u00e9lectriques ?\">Existe-t-il des autocars \u00e9lectriques ?<\/a><\/div><\/div><\/li><li><div class=\"cprp_data\"><div class=\"cprp_title\"><a href=\"https:\/\/www.groupito.com\/blog\/la-minute-groupito\/quest-ce-quun-tour-bus\/\" title=\"Qu&#039;est-ce qu&#039;un tour bus ?\">Qu'est-ce qu'un tour bus ?<\/a><\/div><\/div><\/li><li><div class=\"cprp_data\"><div class=\"cprp_title\"><a href=\"https:\/\/www.groupito.com\/blog\/la-minute-groupito\/que-deviennent-les-autocars-en-fin-de-vie\/\" title=\"Que deviennent les autocars en fin de vie ?\">Que deviennent les autocars en fin de vie ?<\/a><\/div><\/div><\/li><li><div class=\"cprp_data\"><div class=\"cprp_title\"><a href=\"https:\/\/www.groupito.com\/blog\/la-minute-groupito\/quel-est-le-moyen-de-transport-le-plus-sur\/\" title=\"Quel est le moyen de transport le plus s\u00fbr ?\">Quel est le moyen de transport le plus s\u00fbr ?<\/a><\/div><\/div><\/li><li><div class=\"cprp_data\"><div class=\"cprp_title\"><a href=\"https:\/\/www.groupito.com\/blog\/la-minute-groupito\/un-conducteur-de-bus-ou-dautocar-peut-il-boire-de-lalcool\/\" title=\"Un conducteur de bus ou d\u2019autocar peut-il boire de l\u2019alcool ?\">Un conducteur de bus ou d\u2019autocar peut-il boire de l\u2019alcool ?<\/a><\/div><\/div><\/li><li><div class=\"cprp_data\"><div class=\"cprp_title\"><a href=\"https:\/\/www.groupito.com\/blog\/la-minute-groupito\/quel-vehicule-peut-on-conduire-avec-un-permis-b\/\" title=\"Quel v\u00e9hicule peut-on conduire avec un permis B ?\">Quel v\u00e9hicule peut-on conduire avec un permis B ?<\/a><\/div><\/div><\/li><li><div class=\"cprp_data\"><div class=\"cprp_title\"><a href=\"https:\/\/www.groupito.com\/blog\/la-minute-groupito\/que-faire-si-mon-bagage-est-perdu-ou-vole-lors-dun-voyage\/\" title=\"Que faire si mon bagage est perdu ou vol\u00e9 lors d\u2019un voyage ?\">Que faire si mon bagage est perdu ou vol\u00e9 lors d\u2019un voyage ?<\/a><\/div><\/div><\/li><\/ul><\/div><div style=\"clear:both;\"><\/div>","protected":false},"excerpt":{"rendered":"<p>Dans un v\u00e9hicule, la climatisation (surtout avec les grandes chaleurs actuelles) peut \u00eatre essentielle au bien-\u00eatre des voyageurs. De nos jours, chaque mode de transport poss\u00e8de sa climatisation. Ainsi, un avion, un bus, un m\u00e9tro, un train, un bateau\u2026 ont \u00e0 bord, la climatisation pour am\u00e9liorer l\u2019exp\u00e9rience des usagers. Mais alors, comment est r\u00e9glement\u00e9e cette clim ? O\u00f9 se situe-t-elle dans un autocar ? Combien de sorties sont pr\u00e9sentes dans un v\u00e9hicule ? Cette semaine, Groupito met en lumi\u00e8re la&#8230;<\/p>\n","protected":false},"author":1,"featured_media":4692,"comment_status":"closed","ping_status":"open","sticky":false,"template":"","format":"standard","meta":{"om_disable_all_campaigns":false},"categories":[64],"tags":[],"aioseo_notices":[],"_links":{"self":[{"href":"https:\/\/www.groupito.com\/blog\/wp-json\/wp\/v2\/posts\/4689"}],"collection":[{"href":"https:\/\/www.groupito.com\/blog\/wp-json\/wp\/v2\/posts"}],"about":[{"href":"https:\/\/www.groupito.com\/blog\/wp-json\/wp\/v2\/types\/post"}],"author":[{"embeddable":true,"href":"https:\/\/www.groupito.com\/blog\/wp-json\/wp\/v2\/users\/1"}],"replies":[{"embeddable":true,"href":"https:\/\/www.groupito.com\/blog\/wp-json\/wp\/v2\/comments?post=4689"}],"version-history":[{"count":5,"href":"https:\/\/www.groupito.com\/blog\/wp-json\/wp\/v2\/posts\/4689\/revisions"}],"predecessor-version":[{"id":5969,"href":"https:\/\/www.groupito.com\/blog\/wp-json\/wp\/v2\/posts\/4689\/revisions\/5969"}],"wp:featuredmedia":[{"embeddable":true,"href":"https:\/\/www.groupito.com\/blog\/wp-json\/wp\/v2\/media\/4692"}],"wp:attachment":[{"href":"https:\/\/www.groupito.com\/blog\/wp-json\/wp\/v2\/media?parent=4689"}],"wp:term":[{"taxonomy":"category","embeddable":true,"href":"https:\/\/www.groupito.com\/blog\/wp-json\/wp\/v2\/categories?post=4689"},{"taxonomy":"post_tag","embeddable":true,"href":"https:\/\/www.groupito.com\/blog\/wp-json\/wp\/v2\/tags?post=4689"}],"curies":[{"name":"wp","href":"https:\/\/api.w.org\/{rel}","templated":true}]}}